{"id":97541,"date":"2026-05-01T04:42:33","date_gmt":"2026-05-01T09:42:33","guid":{"rendered":"https:\/\/luchonoticias.com\/editor\/?p=97541"},"modified":"2026-05-01T04:42:34","modified_gmt":"2026-05-01T09:42:34","slug":"los-grupos-musicales-que-haran-parte-de-la-calle-del-festival","status":"publish","type":"post","link":"https:\/\/luchonoticias.com\/editor\/los-grupos-musicales-que-haran-parte-de-la-calle-del-festival\/","title":{"rendered":"Los grupos musicales que har\u00e1n parte de la Calle del Festival"},"content":{"rendered":"\n<p>Quedaron definidas las agrupaciones musicales huilenses que har\u00e1n parte de la programaci\u00f3n de la Calle del Festival en la edici\u00f3n 65 del Festival del Bambuco en San Juan y San Pedro 2026. As\u00ed lo confirm\u00f3 la Gobernaci\u00f3n del Huila, a trav\u00e9s de la Secretar\u00eda de Cultura Departamental y con la operaci\u00f3n de Corposanpedro.<\/p>\n\n\n\n<p>Las orquestas seleccionadas ser\u00e1n las encargadas de animar uno de los escenarios m\u00e1s representativos de las festividades sampedrinas, en una apuesta por resaltar el talento local y fortalecer la identidad cultural del departamento.<\/p>\n\n\n\n<p>La elecci\u00f3n se realiz\u00f3 mediante un proceso de balotaje llevado a cabo el pasado 29 de abril, en el que participaron diez agrupaciones previamente seleccionadas a trav\u00e9s de la convocatoria 07 de 2026. El sorteo tuvo lugar en la Biblioteca Departamental Olegario Rivera, con la presencia de la secretaria de Cultura, Liliana Quimbaya, y delegados de Corposanpedro.<\/p>\n\n\n\n<p>De acuerdo con la programaci\u00f3n oficial, la Calle del Festival contar\u00e1 con la presentaci\u00f3n de la Orquesta El Clan Mayor el viernes 26 de junio a las 8:00 de la noche; Evolution Orquesta el s\u00e1bado 27 de junio en el mismo horario; y la Orquesta La Novedad el domingo 28 de junio, tambi\u00e9n a partir de las 8:00 p.m.<\/p>\n\n\n\n<p>Desde la organizaci\u00f3n, se agradeci\u00f3 a todas las agrupaciones huilenses del g\u00e9nero tropical que participaron en la convocatoria, destacando su aporte al fortalecimiento de las tradiciones culturales. Asimismo, se reiter\u00f3 el compromiso de seguir generando espacios que permitan visibilizar el talento regional en el marco de una de las celebraciones m\u00e1s importantes del pa\u00eds.<\/p>\n","protected":false},"excerpt":{"rendered":"<p>Quedaron definidas las agrupaciones musicales huilenses que har\u00e1n parte de la programaci\u00f3n de la Calle del Festival en la edici\u00f3n 65 del Festival del Bambuco en San Juan y San Pedro 2026. As\u00ed lo confirm\u00f3 la Gobernaci\u00f3n del Huila, a trav\u00e9s de la Secretar\u00eda de Cultura Departamental y con la operaci\u00f3n de Corposanpedro. Las orquestas [&hellip;]<\/p>\n","protected":false},"author":2,"featured_media":97542,"comment_status":"closed","ping_status":"open","sticky":false,"template":"","format":"standard","meta":{"footnotes":""},"categories":[33],"tags":[],"class_list":["post-97541","post","type-post","status-publish","format-standard","has-post-thumbnail","hentry","category-huila"],"yoast_head":"<!-- This site is optimized with the Yoast SEO plugin v26.6 - https:\/\/yoast.com\/wordpress\/plugins\/seo\/ -->\n<title>Los grupos musicales que har\u00e1n parte de la Calle del Festival -<\/title>\n<meta name=\"robots\" content=\"index, follow, max-snippet:-1, max-image-preview:large, max-video-preview:-1\" \/>\n<link rel=\"canonical\" href=\"https:\/\/luchonoticias.com\/editor\/los-grupos-musicales-que-haran-parte-de-la-calle-del-festival\/\" \/>\n<meta property=\"og:locale\" content=\"es_ES\" \/>\n<meta property=\"og:type\" content=\"article\" \/>\n<meta property=\"og:title\" content=\"Los grupos musicales que har\u00e1n parte de la Calle del Festival -\" \/>\n<meta property=\"og:url\" content=\"https:\/\/luchonoticias.com\/editor\/los-grupos-musicales-que-haran-parte-de-la-calle-del-festival\/\" \/>\n<meta property=\"article:publisher\" content=\"https:\/\/www.facebook.com\/luchonoticiasneiva\" \/>\n<meta property=\"article:published_time\" content=\"2026-05-01T09:42:33+00:00\" \/>\n<meta property=\"article:modified_time\" content=\"2026-05-01T09:42:34+00:00\" \/>\n<meta property=\"og:image\" content=\"https:\/\/luchonoticias.com\/editor\/wp-content\/uploads\/2026\/05\/orquestas.jpg\" \/>\n\t<meta property=\"og:image:width\" content=\"700\" \/>\n\t<meta property=\"og:image:height\" content=\"400\" \/>\n\t<meta property=\"og:image:type\" content=\"image\/jpeg\" \/>\n<meta name=\"author\" content=\"Editor General\" \/>\n<meta name=\"twitter:card\" content=\"summary_large_image\" \/>\n<meta name=\"twitter:label1\" content=\"Escrito por\" \/>\n\t<meta name=\"twitter:data1\" content=\"Editor General\" \/>\n\t<meta name=\"twitter:label2\" content=\"Tiempo de lectura\" \/>\n\t<meta name=\"twitter:data2\" content=\"2 minutos\" \/>\n<script type=\"application\/ld+json\" class=\"yoast-schema-graph\">{\"@context\":\"https:\/\/schema.org\",\"@graph\":[{\"@type\":\"Article\",\"@id\":\"https:\/\/luchonoticias.com\/editor\/los-grupos-musicales-que-haran-parte-de-la-calle-del-festival\/#article\",\"isPartOf\":{\"@id\":\"https:\/\/luchonoticias.com\/editor\/los-grupos-musicales-que-haran-parte-de-la-calle-del-festival\/\"},\"author\":{\"name\":\"Editor General\",\"@id\":\"https:\/\/luchonoticias.com\/editor\/#\/schema\/person\/29217990ddf6f14e35912b2866d591fb\"},\"headline\":\"Los grupos musicales que har\u00e1n parte de la Calle del Festival\",\"datePublished\":\"2026-05-01T09:42:33+00:00\",\"dateModified\":\"2026-05-01T09:42:34+00:00\",\"mainEntityOfPage\":{\"@id\":\"https:\/\/luchonoticias.com\/editor\/los-grupos-musicales-que-haran-parte-de-la-calle-del-festival\/\"},\"wordCount\":278,\"publisher\":{\"@id\":\"https:\/\/luchonoticias.com\/editor\/#\/schema\/person\/7a7fd911f58561fd056dbac7b55af9cd\"},\"image\":{\"@id\":\"https:\/\/luchonoticias.com\/editor\/los-grupos-musicales-que-haran-parte-de-la-calle-del-festival\/#primaryimage\"},\"thumbnailUrl\":\"https:\/\/luchonoticias.com\/editor\/wp-content\/uploads\/2026\/05\/orquestas.jpg\",\"articleSection\":[\"Huila\"],\"inLanguage\":\"es\"},{\"@type\":\"WebPage\",\"@id\":\"https:\/\/luchonoticias.com\/editor\/los-grupos-musicales-que-haran-parte-de-la-calle-del-festival\/\",\"url\":\"https:\/\/luchonoticias.com\/editor\/los-grupos-musicales-que-haran-parte-de-la-calle-del-festival\/\",\"name\":\"Los grupos musicales que har\u00e1n parte de la Calle del Festival -\",\"isPartOf\":{\"@id\":\"https:\/\/luchonoticias.com\/editor\/#website\"},\"primaryImageOfPage\":{\"@id\":\"https:\/\/luchonoticias.com\/editor\/los-grupos-musicales-que-haran-parte-de-la-calle-del-festival\/#primaryimage\"},\"image\":{\"@id\":\"https:\/\/luchonoticias.com\/editor\/los-grupos-musicales-que-haran-parte-de-la-calle-del-festival\/#primaryimage\"},\"thumbnailUrl\":\"https:\/\/luchonoticias.com\/editor\/wp-content\/uploads\/2026\/05\/orquestas.jpg\",\"datePublished\":\"2026-05-01T09:42:33+00:00\",\"dateModified\":\"2026-05-01T09:42:34+00:00\",\"breadcrumb\":{\"@id\":\"https:\/\/luchonoticias.com\/editor\/los-grupos-musicales-que-haran-parte-de-la-calle-del-festival\/#breadcrumb\"},\"inLanguage\":\"es\",\"potentialAction\":[{\"@type\":\"ReadAction\",\"target\":[\"https:\/\/luchonoticias.com\/editor\/los-grupos-musicales-que-haran-parte-de-la-calle-del-festival\/\"]}]},{\"@type\":\"ImageObject\",\"inLanguage\":\"es\",\"@id\":\"https:\/\/luchonoticias.com\/editor\/los-grupos-musicales-que-haran-parte-de-la-calle-del-festival\/#primaryimage\",\"url\":\"https:\/\/luchonoticias.com\/editor\/wp-content\/uploads\/2026\/05\/orquestas.jpg\",\"contentUrl\":\"https:\/\/luchonoticias.com\/editor\/wp-content\/uploads\/2026\/05\/orquestas.jpg\",\"width\":700,\"height\":400},{\"@type\":\"BreadcrumbList\",\"@id\":\"https:\/\/luchonoticias.com\/editor\/los-grupos-musicales-que-haran-parte-de-la-calle-del-festival\/#breadcrumb\",\"itemListElement\":[{\"@type\":\"ListItem\",\"position\":1,\"name\":\"Portada\",\"item\":\"https:\/\/luchonoticias.com\/editor\/\"},{\"@type\":\"ListItem\",\"position\":2,\"name\":\"Los grupos musicales que har\u00e1n parte de la Calle del Festival\"}]},{\"@type\":\"WebSite\",\"@id\":\"https:\/\/luchonoticias.com\/editor\/#website\",\"url\":\"https:\/\/luchonoticias.com\/editor\/\",\"name\":\"\",\"description\":\"\",\"publisher\":{\"@id\":\"https:\/\/luchonoticias.com\/editor\/#\/schema\/person\/7a7fd911f58561fd056dbac7b55af9cd\"},\"potentialAction\":[{\"@type\":\"SearchAction\",\"target\":{\"@type\":\"EntryPoint\",\"urlTemplate\":\"https:\/\/luchonoticias.com\/editor\/?s={search_term_string}\"},\"query-input\":{\"@type\":\"PropertyValueSpecification\",\"valueRequired\":true,\"valueName\":\"search_term_string\"}}],\"inLanguage\":\"es\"},{\"@type\":[\"Person\",\"Organization\"],\"@id\":\"https:\/\/luchonoticias.com\/editor\/#\/schema\/person\/7a7fd911f58561fd056dbac7b55af9cd\",\"name\":\"admin\",\"image\":{\"@type\":\"ImageObject\",\"inLanguage\":\"es\",\"@id\":\"https:\/\/luchonoticias.com\/editor\/#\/schema\/person\/image\/\",\"url\":\"https:\/\/luchonoticias.com\/editor\/wp-content\/uploads\/2024\/02\/cropped-cropped-logolu.webp\",\"contentUrl\":\"https:\/\/luchonoticias.com\/editor\/wp-content\/uploads\/2024\/02\/cropped-cropped-logolu.webp\",\"width\":382,\"height\":170,\"caption\":\"admin\"},\"logo\":{\"@id\":\"https:\/\/luchonoticias.com\/editor\/#\/schema\/person\/image\/\"},\"sameAs\":[\"https:\/\/www.facebook.com\/luchonoticiasneiva\"]},{\"@type\":\"Person\",\"@id\":\"https:\/\/luchonoticias.com\/editor\/#\/schema\/person\/29217990ddf6f14e35912b2866d591fb\",\"name\":\"Editor General\",\"image\":{\"@type\":\"ImageObject\",\"inLanguage\":\"es\",\"@id\":\"https:\/\/luchonoticias.com\/editor\/#\/schema\/person\/image\/\",\"url\":\"https:\/\/luchonoticias.com\/editor\/wp-content\/uploads\/2024\/02\/cropped-cropped-logolu-150x150.webp\",\"contentUrl\":\"https:\/\/luchonoticias.com\/editor\/wp-content\/uploads\/2024\/02\/cropped-cropped-logolu-150x150.webp\",\"caption\":\"Editor General\"},\"sameAs\":[\"https:\/\/luchonoticias.com\/\"],\"url\":\"https:\/\/luchonoticias.com\/editor\/author\/editor-general\/\"}]}<\/script>\n<!-- \/ Yoast SEO plugin. -->","yoast_head_json":{"title":"Los grupos musicales que har\u00e1n parte de la Calle del Festival -","robots":{"index":"index","follow":"follow","max-snippet":"max-snippet:-1","max-image-preview":"max-image-preview:large","max-video-preview":"max-video-preview:-1"},"canonical":"https:\/\/luchonoticias.com\/editor\/los-grupos-musicales-que-haran-parte-de-la-calle-del-festival\/","og_locale":"es_ES","og_type":"article","og_title":"Los grupos musicales que har\u00e1n parte de la Calle del Festival -","og_url":"https:\/\/luchonoticias.com\/editor\/los-grupos-musicales-que-haran-parte-de-la-calle-del-festival\/","article_publisher":"https:\/\/www.facebook.com\/luchonoticiasneiva","article_published_time":"2026-05-01T09:42:33+00:00","article_modified_time":"2026-05-01T09:42:34+00:00","og_image":[{"width":700,"height":400,"url":"https:\/\/luchonoticias.com\/editor\/wp-content\/uploads\/2026\/05\/orquestas.jpg","type":"image\/jpeg"}],"author":"Editor General","twitter_card":"summary_large_image","twitter_misc":{"Escrito por":"Editor General","Tiempo de lectura":"2 minutos"},"schema":{"@context":"https:\/\/schema.org","@graph":[{"@type":"Article","@id":"https:\/\/luchonoticias.com\/editor\/los-grupos-musicales-que-haran-parte-de-la-calle-del-festival\/#article","isPartOf":{"@id":"https:\/\/luchonoticias.com\/editor\/los-grupos-musicales-que-haran-parte-de-la-calle-del-festival\/"},"author":{"name":"Editor General","@id":"https:\/\/luchonoticias.com\/editor\/#\/schema\/person\/29217990ddf6f14e35912b2866d591fb"},"headline":"Los grupos musicales que har\u00e1n parte de la Calle del Festival","datePublished":"2026-05-01T09:42:33+00:00","dateModified":"2026-05-01T09:42:34+00:00","mainEntityOfPage":{"@id":"https:\/\/luchonoticias.com\/editor\/los-grupos-musicales-que-haran-parte-de-la-calle-del-festival\/"},"wordCount":278,"publisher":{"@id":"https:\/\/luchonoticias.com\/editor\/#\/schema\/person\/7a7fd911f58561fd056dbac7b55af9cd"},"image":{"@id":"https:\/\/luchonoticias.com\/editor\/los-grupos-musicales-que-haran-parte-de-la-calle-del-festival\/#primaryimage"},"thumbnailUrl":"https:\/\/luchonoticias.com\/editor\/wp-content\/uploads\/2026\/05\/orquestas.jpg","articleSection":["Huila"],"inLanguage":"es"},{"@type":"WebPage","@id":"https:\/\/luchonoticias.com\/editor\/los-grupos-musicales-que-haran-parte-de-la-calle-del-festival\/","url":"https:\/\/luchonoticias.com\/editor\/los-grupos-musicales-que-haran-parte-de-la-calle-del-festival\/","name":"Los grupos musicales que har\u00e1n parte de la Calle del Festival -","isPartOf":{"@id":"https:\/\/luchonoticias.com\/editor\/#website"},"primaryImageOfPage":{"@id":"https:\/\/luchonoticias.com\/editor\/los-grupos-musicales-que-haran-parte-de-la-calle-del-festival\/#primaryimage"},"image":{"@id":"https:\/\/luchonoticias.com\/editor\/los-grupos-musicales-que-haran-parte-de-la-calle-del-festival\/#primaryimage"},"thumbnailUrl":"https:\/\/luchonoticias.com\/editor\/wp-content\/uploads\/2026\/05\/orquestas.jpg","datePublished":"2026-05-01T09:42:33+00:00","dateModified":"2026-05-01T09:42:34+00:00","breadcrumb":{"@id":"https:\/\/luchonoticias.com\/editor\/los-grupos-musicales-que-haran-parte-de-la-calle-del-festival\/#breadcrumb"},"inLanguage":"es","potentialAction":[{"@type":"ReadAction","target":["https:\/\/luchonoticias.com\/editor\/los-grupos-musicales-que-haran-parte-de-la-calle-del-festival\/"]}]},{"@type":"ImageObject","inLanguage":"es","@id":"https:\/\/luchonoticias.com\/editor\/los-grupos-musicales-que-haran-parte-de-la-calle-del-festival\/#primaryimage","url":"https:\/\/luchonoticias.com\/editor\/wp-content\/uploads\/2026\/05\/orquestas.jpg","contentUrl":"https:\/\/luchonoticias.com\/editor\/wp-content\/uploads\/2026\/05\/orquestas.jpg","width":700,"height":400},{"@type":"BreadcrumbList","@id":"https:\/\/luchonoticias.com\/editor\/los-grupos-musicales-que-haran-parte-de-la-calle-del-festival\/#breadcrumb","itemListElement":[{"@type":"ListItem","position":1,"name":"Portada","item":"https:\/\/luchonoticias.com\/editor\/"},{"@type":"ListItem","position":2,"name":"Los grupos musicales que har\u00e1n parte de la Calle del Festival"}]},{"@type":"WebSite","@id":"https:\/\/luchonoticias.com\/editor\/#website","url":"https:\/\/luchonoticias.com\/editor\/","name":"","description":"","publisher":{"@id":"https:\/\/luchonoticias.com\/editor\/#\/schema\/person\/7a7fd911f58561fd056dbac7b55af9cd"},"potentialAction":[{"@type":"SearchAction","target":{"@type":"EntryPoint","urlTemplate":"https:\/\/luchonoticias.com\/editor\/?s={search_term_string}"},"query-input":{"@type":"PropertyValueSpecification","valueRequired":true,"valueName":"search_term_string"}}],"inLanguage":"es"},{"@type":["Person","Organization"],"@id":"https:\/\/luchonoticias.com\/editor\/#\/schema\/person\/7a7fd911f58561fd056dbac7b55af9cd","name":"admin","image":{"@type":"ImageObject","inLanguage":"es","@id":"https:\/\/luchonoticias.com\/editor\/#\/schema\/person\/image\/","url":"https:\/\/luchonoticias.com\/editor\/wp-content\/uploads\/2024\/02\/cropped-cropped-logolu.webp","contentUrl":"https:\/\/luchonoticias.com\/editor\/wp-content\/uploads\/2024\/02\/cropped-cropped-logolu.webp","width":382,"height":170,"caption":"admin"},"logo":{"@id":"https:\/\/luchonoticias.com\/editor\/#\/schema\/person\/image\/"},"sameAs":["https:\/\/www.facebook.com\/luchonoticiasneiva"]},{"@type":"Person","@id":"https:\/\/luchonoticias.com\/editor\/#\/schema\/person\/29217990ddf6f14e35912b2866d591fb","name":"Editor General","image":{"@type":"ImageObject","inLanguage":"es","@id":"https:\/\/luchonoticias.com\/editor\/#\/schema\/person\/image\/","url":"https:\/\/luchonoticias.com\/editor\/wp-content\/uploads\/2024\/02\/cropped-cropped-logolu-150x150.webp","contentUrl":"https:\/\/luchonoticias.com\/editor\/wp-content\/uploads\/2024\/02\/cropped-cropped-logolu-150x150.webp","caption":"Editor General"},"sameAs":["https:\/\/luchonoticias.com\/"],"url":"https:\/\/luchonoticias.com\/editor\/author\/editor-general\/"}]}},"_links":{"self":[{"href":"https:\/\/luchonoticias.com\/editor\/wp-json\/wp\/v2\/posts\/97541","targetHints":{"allow":["GET"]}}],"collection":[{"href":"https:\/\/luchonoticias.com\/editor\/wp-json\/wp\/v2\/posts"}],"about":[{"href":"https:\/\/luchonoticias.com\/editor\/wp-json\/wp\/v2\/types\/post"}],"author":[{"embeddable":true,"href":"https:\/\/luchonoticias.com\/editor\/wp-json\/wp\/v2\/users\/2"}],"replies":[{"embeddable":true,"href":"https:\/\/luchonoticias.com\/editor\/wp-json\/wp\/v2\/comments?post=97541"}],"version-history":[{"count":1,"href":"https:\/\/luchonoticias.com\/editor\/wp-json\/wp\/v2\/posts\/97541\/revisions"}],"predecessor-version":[{"id":97543,"href":"https:\/\/luchonoticias.com\/editor\/wp-json\/wp\/v2\/posts\/97541\/revisions\/97543"}],"wp:featuredmedia":[{"embeddable":true,"href":"https:\/\/luchonoticias.com\/editor\/wp-json\/wp\/v2\/media\/97542"}],"wp:attachment":[{"href":"https:\/\/luchonoticias.com\/editor\/wp-json\/wp\/v2\/media?parent=97541"}],"wp:term":[{"taxonomy":"category","embeddable":true,"href":"https:\/\/luchonoticias.com\/editor\/wp-json\/wp\/v2\/categories?post=97541"},{"taxonomy":"post_tag","embeddable":true,"href":"https:\/\/luchonoticias.com\/editor\/wp-json\/wp\/v2\/tags?post=97541"}],"curies":[{"name":"wp","href":"https:\/\/api.w.org\/{rel}","templated":true}]}}