{"id":97544,"date":"2026-05-01T04:50:02","date_gmt":"2026-05-01T09:50:02","guid":{"rendered":"https:\/\/luchonoticias.com\/editor\/?p=97544"},"modified":"2026-05-01T04:50:03","modified_gmt":"2026-05-01T09:50:03","slug":"primera-rueda-de-negocios-de-2026","status":"publish","type":"post","link":"https:\/\/luchonoticias.com\/editor\/primera-rueda-de-negocios-de-2026\/","title":{"rendered":"Primera rueda de negocios de 2026"},"content":{"rendered":"\n<p>M\u00e1s de 400 millones de pesos en acuerdos comerciales dej\u00f3 la primera rueda de negocios de 2026 liderada por la Gobernaci\u00f3n del Huila, en el marco de la Ley 2046 de 2020. La jornada benefici\u00f3 a peque\u00f1os productores y organizaciones de la Agricultura Campesina, Familiar y Comunitaria, que lograron concretar 54 acuerdos con operadores de programas de alimentos.<\/p>\n\n\n\n<p>La estrategia, desarrollada en articulaci\u00f3n con la Agencia de Desarrollo Rural, la Mesa Nacional de Compras P\u00fablicas y la C\u00e1mara de Comercio del Huila, permiti\u00f3 un contacto directo entre productores y compradores institucionales. En el encuentro tambi\u00e9n participaron entidades como la DIAN y el INVIMA, facilitando el fortalecimiento de los procesos de comercializaci\u00f3n sin intermediarios.<\/p>\n\n\n\n<p>Durante la rueda de negocios se promovi\u00f3 la venta de productos como panela, pl\u00e1tano, frijol, frutas, cacao, l\u00e1cteos, huevos, hortalizas y pollo, lo que contribuye a mejorar los ingresos de los productores al eliminar intermediaci\u00f3n y abrir nuevos canales de venta.<\/p>\n\n\n\n<figure class=\"wp-block-gallery has-nested-images columns-default is-cropped wp-block-gallery-1 is-layout-flex wp-block-gallery-is-layout-flex\">\n<figure class=\"wp-block-image size-large\"><img loading=\"lazy\" decoding=\"async\" width=\"1024\" height=\"717\" data-id=\"97547\" src=\"https:\/\/luchonoticias.com\/editor\/wp-content\/uploads\/2026\/05\/WhatsApp-Image-2026-04-30-at-17.44.21-1024x717.jpeg\" alt=\"\" class=\"wp-image-97547\" srcset=\"https:\/\/luchonoticias.com\/editor\/wp-content\/uploads\/2026\/05\/WhatsApp-Image-2026-04-30-at-17.44.21-1024x717.jpeg 1024w, https:\/\/luchonoticias.com\/editor\/wp-content\/uploads\/2026\/05\/WhatsApp-Image-2026-04-30-at-17.44.21-300x210.jpeg 300w, https:\/\/luchonoticias.com\/editor\/wp-content\/uploads\/2026\/05\/WhatsApp-Image-2026-04-30-at-17.44.21-768x538.jpeg 768w, https:\/\/luchonoticias.com\/editor\/wp-content\/uploads\/2026\/05\/WhatsApp-Image-2026-04-30-at-17.44.21-1536x1075.jpeg 1536w, https:\/\/luchonoticias.com\/editor\/wp-content\/uploads\/2026\/05\/WhatsApp-Image-2026-04-30-at-17.44.21-2048x1434.jpeg 2048w\" sizes=\"auto, (max-width: 1024px) 100vw, 1024px\" \/><\/figure>\n\n\n\n<figure class=\"wp-block-image size-large\"><img loading=\"lazy\" decoding=\"async\" width=\"1024\" height=\"618\" data-id=\"97546\" src=\"https:\/\/luchonoticias.com\/editor\/wp-content\/uploads\/2026\/05\/WhatsApp-Image-2026-04-30-at-17.44.22-1024x618.jpeg\" alt=\"\" class=\"wp-image-97546\" srcset=\"https:\/\/luchonoticias.com\/editor\/wp-content\/uploads\/2026\/05\/WhatsApp-Image-2026-04-30-at-17.44.22-1024x618.jpeg 1024w, https:\/\/luchonoticias.com\/editor\/wp-content\/uploads\/2026\/05\/WhatsApp-Image-2026-04-30-at-17.44.22-300x181.jpeg 300w, https:\/\/luchonoticias.com\/editor\/wp-content\/uploads\/2026\/05\/WhatsApp-Image-2026-04-30-at-17.44.22-768x463.jpeg 768w, https:\/\/luchonoticias.com\/editor\/wp-content\/uploads\/2026\/05\/WhatsApp-Image-2026-04-30-at-17.44.22-1536x926.jpeg 1536w, https:\/\/luchonoticias.com\/editor\/wp-content\/uploads\/2026\/05\/WhatsApp-Image-2026-04-30-at-17.44.22-2048x1235.jpeg 2048w\" sizes=\"auto, (max-width: 1024px) 100vw, 1024px\" \/><\/figure>\n<\/figure>\n\n\n\n<p>El secretario de Agricultura y Miner\u00eda del Huila, \u00d3scar Eduardo Trujillo Cuenca, destac\u00f3 la importancia de que los productores se registren en la base de datos oficial, requisito clave para participar como oferentes en los programas de compras p\u00fablicas. Seg\u00fan explic\u00f3, el objetivo es seguir fortaleciendo los circuitos cortos de comercializaci\u00f3n y ampliar las oportunidades para el sector rural.<\/p>\n\n\n\n<p>La jornada tambi\u00e9n dej\u00f3 testimonios de productores que han encontrado en estos espacios una oportunidad de crecimiento. Julio Realpe, representante de Panelas Don Julio en el municipio de Isnos, asegur\u00f3 que su participaci\u00f3n constante en estas ruedas le ha permitido consolidar relaciones comerciales y posicionar su producto a nivel regional.<\/p>\n\n\n\n<p>En la misma l\u00ednea, Juan Sebasti\u00e1n Mora, joven emprendedor de Garz\u00f3n, destac\u00f3 que estos escenarios le han permitido expandir la comercializaci\u00f3n de productos como pl\u00e1tano, frijol y frutas hacia nuevos mercados, m\u00e1s all\u00e1 de su municipio.<\/p>\n\n\n\n<p>Al igual que ellos, decenas de productores lograron asegurar la venta de sus cosechas mediante acuerdos directos, en una apuesta institucional por dinamizar la econom\u00eda rural, fortalecer la comercializaci\u00f3n local y mejorar la calidad de vida de las familias campesinas del departamento.<\/p>\n\n\n\n<p><\/p>\n","protected":false},"excerpt":{"rendered":"<p>M\u00e1s de 400 millones de pesos en acuerdos comerciales dej\u00f3 la primera rueda de negocios de 2026 liderada por la Gobernaci\u00f3n del Huila, en el marco de la Ley 2046 de 2020. La jornada benefici\u00f3 a peque\u00f1os productores y organizaciones de la Agricultura Campesina, Familiar y Comunitaria, que lograron concretar 54 acuerdos con operadores de [&hellip;]<\/p>\n","protected":false},"author":2,"featured_media":97545,"comment_status":"closed","ping_status":"open","sticky":false,"template":"","format":"standard","meta":{"footnotes":""},"categories":[33],"tags":[],"class_list":["post-97544","post","type-post","status-publish","format-standard","has-post-thumbnail","hentry","category-huila"],"yoast_head":"<!-- This site is optimized with the Yoast SEO plugin v26.6 - https:\/\/yoast.com\/wordpress\/plugins\/seo\/ -->\n<title>Primera rueda de negocios de 2026 -<\/title>\n<meta name=\"robots\" content=\"index, follow, max-snippet:-1, max-image-preview:large, max-video-preview:-1\" \/>\n<link rel=\"canonical\" href=\"https:\/\/luchonoticias.com\/editor\/primera-rueda-de-negocios-de-2026\/\" \/>\n<meta property=\"og:locale\" content=\"es_ES\" \/>\n<meta property=\"og:type\" content=\"article\" \/>\n<meta property=\"og:title\" content=\"Primera rueda de negocios de 2026 -\" \/>\n<meta property=\"og:url\" content=\"https:\/\/luchonoticias.com\/editor\/primera-rueda-de-negocios-de-2026\/\" \/>\n<meta property=\"article:publisher\" content=\"https:\/\/www.facebook.com\/luchonoticiasneiva\" \/>\n<meta property=\"article:published_time\" content=\"2026-05-01T09:50:02+00:00\" \/>\n<meta property=\"article:modified_time\" content=\"2026-05-01T09:50:03+00:00\" \/>\n<meta property=\"og:image\" content=\"https:\/\/luchonoticias.com\/editor\/wp-content\/uploads\/2026\/05\/rueda-de-negocios.jpg\" \/>\n\t<meta property=\"og:image:width\" content=\"700\" \/>\n\t<meta property=\"og:image:height\" content=\"400\" \/>\n\t<meta property=\"og:image:type\" content=\"image\/jpeg\" \/>\n<meta name=\"author\" content=\"Editor General\" \/>\n<meta name=\"twitter:card\" content=\"summary_large_image\" \/>\n<meta name=\"twitter:label1\" content=\"Escrito por\" \/>\n\t<meta name=\"twitter:data1\" content=\"Editor General\" \/>\n\t<meta name=\"twitter:label2\" content=\"Tiempo de lectura\" \/>\n\t<meta name=\"twitter:data2\" content=\"3 minutos\" \/>\n<script type=\"application\/ld+json\" class=\"yoast-schema-graph\">{\"@context\":\"https:\/\/schema.org\",\"@graph\":[{\"@type\":\"Article\",\"@id\":\"https:\/\/luchonoticias.com\/editor\/primera-rueda-de-negocios-de-2026\/#article\",\"isPartOf\":{\"@id\":\"https:\/\/luchonoticias.com\/editor\/primera-rueda-de-negocios-de-2026\/\"},\"author\":{\"name\":\"Editor General\",\"@id\":\"https:\/\/luchonoticias.com\/editor\/#\/schema\/person\/29217990ddf6f14e35912b2866d591fb\"},\"headline\":\"Primera rueda de negocios de 2026\",\"datePublished\":\"2026-05-01T09:50:02+00:00\",\"dateModified\":\"2026-05-01T09:50:03+00:00\",\"mainEntityOfPage\":{\"@id\":\"https:\/\/luchonoticias.com\/editor\/primera-rueda-de-negocios-de-2026\/\"},\"wordCount\":366,\"publisher\":{\"@id\":\"https:\/\/luchonoticias.com\/editor\/#\/schema\/person\/7a7fd911f58561fd056dbac7b55af9cd\"},\"image\":{\"@id\":\"https:\/\/luchonoticias.com\/editor\/primera-rueda-de-negocios-de-2026\/#primaryimage\"},\"thumbnailUrl\":\"https:\/\/luchonoticias.com\/editor\/wp-content\/uploads\/2026\/05\/rueda-de-negocios.jpg\",\"articleSection\":[\"Huila\"],\"inLanguage\":\"es\"},{\"@type\":\"WebPage\",\"@id\":\"https:\/\/luchonoticias.com\/editor\/primera-rueda-de-negocios-de-2026\/\",\"url\":\"https:\/\/luchonoticias.com\/editor\/primera-rueda-de-negocios-de-2026\/\",\"name\":\"Primera rueda de negocios de 2026 -\",\"isPartOf\":{\"@id\":\"https:\/\/luchonoticias.com\/editor\/#website\"},\"primaryImageOfPage\":{\"@id\":\"https:\/\/luchonoticias.com\/editor\/primera-rueda-de-negocios-de-2026\/#primaryimage\"},\"image\":{\"@id\":\"https:\/\/luchonoticias.com\/editor\/primera-rueda-de-negocios-de-2026\/#primaryimage\"},\"thumbnailUrl\":\"https:\/\/luchonoticias.com\/editor\/wp-content\/uploads\/2026\/05\/rueda-de-negocios.jpg\",\"datePublished\":\"2026-05-01T09:50:02+00:00\",\"dateModified\":\"2026-05-01T09:50:03+00:00\",\"breadcrumb\":{\"@id\":\"https:\/\/luchonoticias.com\/editor\/primera-rueda-de-negocios-de-2026\/#breadcrumb\"},\"inLanguage\":\"es\",\"potentialAction\":[{\"@type\":\"ReadAction\",\"target\":[\"https:\/\/luchonoticias.com\/editor\/primera-rueda-de-negocios-de-2026\/\"]}]},{\"@type\":\"ImageObject\",\"inLanguage\":\"es\",\"@id\":\"https:\/\/luchonoticias.com\/editor\/primera-rueda-de-negocios-de-2026\/#primaryimage\",\"url\":\"https:\/\/luchonoticias.com\/editor\/wp-content\/uploads\/2026\/05\/rueda-de-negocios.jpg\",\"contentUrl\":\"https:\/\/luchonoticias.com\/editor\/wp-content\/uploads\/2026\/05\/rueda-de-negocios.jpg\",\"width\":700,\"height\":400},{\"@type\":\"BreadcrumbList\",\"@id\":\"https:\/\/luchonoticias.com\/editor\/primera-rueda-de-negocios-de-2026\/#breadcrumb\",\"itemListElement\":[{\"@type\":\"ListItem\",\"position\":1,\"name\":\"Portada\",\"item\":\"https:\/\/luchonoticias.com\/editor\/\"},{\"@type\":\"ListItem\",\"position\":2,\"name\":\"Primera rueda de negocios de 2026\"}]},{\"@type\":\"WebSite\",\"@id\":\"https:\/\/luchonoticias.com\/editor\/#website\",\"url\":\"https:\/\/luchonoticias.com\/editor\/\",\"name\":\"\",\"description\":\"\",\"publisher\":{\"@id\":\"https:\/\/luchonoticias.com\/editor\/#\/schema\/person\/7a7fd911f58561fd056dbac7b55af9cd\"},\"potentialAction\":[{\"@type\":\"SearchAction\",\"target\":{\"@type\":\"EntryPoint\",\"urlTemplate\":\"https:\/\/luchonoticias.com\/editor\/?s={search_term_string}\"},\"query-input\":{\"@type\":\"PropertyValueSpecification\",\"valueRequired\":true,\"valueName\":\"search_term_string\"}}],\"inLanguage\":\"es\"},{\"@type\":[\"Person\",\"Organization\"],\"@id\":\"https:\/\/luchonoticias.com\/editor\/#\/schema\/person\/7a7fd911f58561fd056dbac7b55af9cd\",\"name\":\"admin\",\"image\":{\"@type\":\"ImageObject\",\"inLanguage\":\"es\",\"@id\":\"https:\/\/luchonoticias.com\/editor\/#\/schema\/person\/image\/\",\"url\":\"https:\/\/luchonoticias.com\/editor\/wp-content\/uploads\/2024\/02\/cropped-cropped-logolu.webp\",\"contentUrl\":\"https:\/\/luchonoticias.com\/editor\/wp-content\/uploads\/2024\/02\/cropped-cropped-logolu.webp\",\"width\":382,\"height\":170,\"caption\":\"admin\"},\"logo\":{\"@id\":\"https:\/\/luchonoticias.com\/editor\/#\/schema\/person\/image\/\"},\"sameAs\":[\"https:\/\/www.facebook.com\/luchonoticiasneiva\"]},{\"@type\":\"Person\",\"@id\":\"https:\/\/luchonoticias.com\/editor\/#\/schema\/person\/29217990ddf6f14e35912b2866d591fb\",\"name\":\"Editor General\",\"image\":{\"@type\":\"ImageObject\",\"inLanguage\":\"es\",\"@id\":\"https:\/\/luchonoticias.com\/editor\/#\/schema\/person\/image\/\",\"url\":\"https:\/\/luchonoticias.com\/editor\/wp-content\/uploads\/2024\/02\/cropped-cropped-logolu-150x150.webp\",\"contentUrl\":\"https:\/\/luchonoticias.com\/editor\/wp-content\/uploads\/2024\/02\/cropped-cropped-logolu-150x150.webp\",\"caption\":\"Editor General\"},\"sameAs\":[\"https:\/\/luchonoticias.com\/\"],\"url\":\"https:\/\/luchonoticias.com\/editor\/author\/editor-general\/\"}]}<\/script>\n<!-- \/ Yoast SEO plugin. -->","yoast_head_json":{"title":"Primera rueda de negocios de 2026 -","robots":{"index":"index","follow":"follow","max-snippet":"max-snippet:-1","max-image-preview":"max-image-preview:large","max-video-preview":"max-video-preview:-1"},"canonical":"https:\/\/luchonoticias.com\/editor\/primera-rueda-de-negocios-de-2026\/","og_locale":"es_ES","og_type":"article","og_title":"Primera rueda de negocios de 2026 -","og_url":"https:\/\/luchonoticias.com\/editor\/primera-rueda-de-negocios-de-2026\/","article_publisher":"https:\/\/www.facebook.com\/luchonoticiasneiva","article_published_time":"2026-05-01T09:50:02+00:00","article_modified_time":"2026-05-01T09:50:03+00:00","og_image":[{"width":700,"height":400,"url":"https:\/\/luchonoticias.com\/editor\/wp-content\/uploads\/2026\/05\/rueda-de-negocios.jpg","type":"image\/jpeg"}],"author":"Editor General","twitter_card":"summary_large_image","twitter_misc":{"Escrito por":"Editor General","Tiempo de lectura":"3 minutos"},"schema":{"@context":"https:\/\/schema.org","@graph":[{"@type":"Article","@id":"https:\/\/luchonoticias.com\/editor\/primera-rueda-de-negocios-de-2026\/#article","isPartOf":{"@id":"https:\/\/luchonoticias.com\/editor\/primera-rueda-de-negocios-de-2026\/"},"author":{"name":"Editor General","@id":"https:\/\/luchonoticias.com\/editor\/#\/schema\/person\/29217990ddf6f14e35912b2866d591fb"},"headline":"Primera rueda de negocios de 2026","datePublished":"2026-05-01T09:50:02+00:00","dateModified":"2026-05-01T09:50:03+00:00","mainEntityOfPage":{"@id":"https:\/\/luchonoticias.com\/editor\/primera-rueda-de-negocios-de-2026\/"},"wordCount":366,"publisher":{"@id":"https:\/\/luchonoticias.com\/editor\/#\/schema\/person\/7a7fd911f58561fd056dbac7b55af9cd"},"image":{"@id":"https:\/\/luchonoticias.com\/editor\/primera-rueda-de-negocios-de-2026\/#primaryimage"},"thumbnailUrl":"https:\/\/luchonoticias.com\/editor\/wp-content\/uploads\/2026\/05\/rueda-de-negocios.jpg","articleSection":["Huila"],"inLanguage":"es"},{"@type":"WebPage","@id":"https:\/\/luchonoticias.com\/editor\/primera-rueda-de-negocios-de-2026\/","url":"https:\/\/luchonoticias.com\/editor\/primera-rueda-de-negocios-de-2026\/","name":"Primera rueda de negocios de 2026 -","isPartOf":{"@id":"https:\/\/luchonoticias.com\/editor\/#website"},"primaryImageOfPage":{"@id":"https:\/\/luchonoticias.com\/editor\/primera-rueda-de-negocios-de-2026\/#primaryimage"},"image":{"@id":"https:\/\/luchonoticias.com\/editor\/primera-rueda-de-negocios-de-2026\/#primaryimage"},"thumbnailUrl":"https:\/\/luchonoticias.com\/editor\/wp-content\/uploads\/2026\/05\/rueda-de-negocios.jpg","datePublished":"2026-05-01T09:50:02+00:00","dateModified":"2026-05-01T09:50:03+00:00","breadcrumb":{"@id":"https:\/\/luchonoticias.com\/editor\/primera-rueda-de-negocios-de-2026\/#breadcrumb"},"inLanguage":"es","potentialAction":[{"@type":"ReadAction","target":["https:\/\/luchonoticias.com\/editor\/primera-rueda-de-negocios-de-2026\/"]}]},{"@type":"ImageObject","inLanguage":"es","@id":"https:\/\/luchonoticias.com\/editor\/primera-rueda-de-negocios-de-2026\/#primaryimage","url":"https:\/\/luchonoticias.com\/editor\/wp-content\/uploads\/2026\/05\/rueda-de-negocios.jpg","contentUrl":"https:\/\/luchonoticias.com\/editor\/wp-content\/uploads\/2026\/05\/rueda-de-negocios.jpg","width":700,"height":400},{"@type":"BreadcrumbList","@id":"https:\/\/luchonoticias.com\/editor\/primera-rueda-de-negocios-de-2026\/#breadcrumb","itemListElement":[{"@type":"ListItem","position":1,"name":"Portada","item":"https:\/\/luchonoticias.com\/editor\/"},{"@type":"ListItem","position":2,"name":"Primera rueda de negocios de 2026"}]},{"@type":"WebSite","@id":"https:\/\/luchonoticias.com\/editor\/#website","url":"https:\/\/luchonoticias.com\/editor\/","name":"","description":"","publisher":{"@id":"https:\/\/luchonoticias.com\/editor\/#\/schema\/person\/7a7fd911f58561fd056dbac7b55af9cd"},"potentialAction":[{"@type":"SearchAction","target":{"@type":"EntryPoint","urlTemplate":"https:\/\/luchonoticias.com\/editor\/?s={search_term_string}"},"query-input":{"@type":"PropertyValueSpecification","valueRequired":true,"valueName":"search_term_string"}}],"inLanguage":"es"},{"@type":["Person","Organization"],"@id":"https:\/\/luchonoticias.com\/editor\/#\/schema\/person\/7a7fd911f58561fd056dbac7b55af9cd","name":"admin","image":{"@type":"ImageObject","inLanguage":"es","@id":"https:\/\/luchonoticias.com\/editor\/#\/schema\/person\/image\/","url":"https:\/\/luchonoticias.com\/editor\/wp-content\/uploads\/2024\/02\/cropped-cropped-logolu.webp","contentUrl":"https:\/\/luchonoticias.com\/editor\/wp-content\/uploads\/2024\/02\/cropped-cropped-logolu.webp","width":382,"height":170,"caption":"admin"},"logo":{"@id":"https:\/\/luchonoticias.com\/editor\/#\/schema\/person\/image\/"},"sameAs":["https:\/\/www.facebook.com\/luchonoticiasneiva"]},{"@type":"Person","@id":"https:\/\/luchonoticias.com\/editor\/#\/schema\/person\/29217990ddf6f14e35912b2866d591fb","name":"Editor General","image":{"@type":"ImageObject","inLanguage":"es","@id":"https:\/\/luchonoticias.com\/editor\/#\/schema\/person\/image\/","url":"https:\/\/luchonoticias.com\/editor\/wp-content\/uploads\/2024\/02\/cropped-cropped-logolu-150x150.webp","contentUrl":"https:\/\/luchonoticias.com\/editor\/wp-content\/uploads\/2024\/02\/cropped-cropped-logolu-150x150.webp","caption":"Editor General"},"sameAs":["https:\/\/luchonoticias.com\/"],"url":"https:\/\/luchonoticias.com\/editor\/author\/editor-general\/"}]}},"_links":{"self":[{"href":"https:\/\/luchonoticias.com\/editor\/wp-json\/wp\/v2\/posts\/97544","targetHints":{"allow":["GET"]}}],"collection":[{"href":"https:\/\/luchonoticias.com\/editor\/wp-json\/wp\/v2\/posts"}],"about":[{"href":"https:\/\/luchonoticias.com\/editor\/wp-json\/wp\/v2\/types\/post"}],"author":[{"embeddable":true,"href":"https:\/\/luchonoticias.com\/editor\/wp-json\/wp\/v2\/users\/2"}],"replies":[{"embeddable":true,"href":"https:\/\/luchonoticias.com\/editor\/wp-json\/wp\/v2\/comments?post=97544"}],"version-history":[{"count":1,"href":"https:\/\/luchonoticias.com\/editor\/wp-json\/wp\/v2\/posts\/97544\/revisions"}],"predecessor-version":[{"id":97548,"href":"https:\/\/luchonoticias.com\/editor\/wp-json\/wp\/v2\/posts\/97544\/revisions\/97548"}],"wp:featuredmedia":[{"embeddable":true,"href":"https:\/\/luchonoticias.com\/editor\/wp-json\/wp\/v2\/media\/97545"}],"wp:attachment":[{"href":"https:\/\/luchonoticias.com\/editor\/wp-json\/wp\/v2\/media?parent=97544"}],"wp:term":[{"taxonomy":"category","embeddable":true,"href":"https:\/\/luchonoticias.com\/editor\/wp-json\/wp\/v2\/categories?post=97544"},{"taxonomy":"post_tag","embeddable":true,"href":"https:\/\/luchonoticias.com\/editor\/wp-json\/wp\/v2\/tags?post=97544"}],"curies":[{"name":"wp","href":"https:\/\/api.w.org\/{rel}","templated":true}]}}