{"id":97549,"date":"2026-05-01T07:11:16","date_gmt":"2026-05-01T12:11:16","guid":{"rendered":"https:\/\/luchonoticias.com\/editor\/?p=97549"},"modified":"2026-05-01T07:11:18","modified_gmt":"2026-05-01T12:11:18","slug":"investigacion-preliminar-a-campana-de-ivan-cepeda","status":"publish","type":"post","link":"https:\/\/luchonoticias.com\/editor\/investigacion-preliminar-a-campana-de-ivan-cepeda\/","title":{"rendered":"Investigaci\u00f3n preliminar a campa\u00f1a de Iv\u00e1n Cepeda"},"content":{"rendered":"\n<p>El exconcejal Juan Mart\u00edn Bravo Casta\u00f1o radic\u00f3 una solicitud ante el Consejo Nacional Electoral (CNE) para que se investiguen presuntas irregularidades en la financiaci\u00f3n de la campa\u00f1a de Iv\u00e1n Cepeda durante la consulta realizada el 26 de octubre de 2025.<\/p>\n\n\n\n<p>A trav\u00e9s de sus redes sociales, Bravo dio a conocer apartes del documento, en el que se detallan los antecedentes y el estado actual del proceso. La actuaci\u00f3n se conoce en medio de la campa\u00f1a presidencial, cuya primera vuelta est\u00e1 prevista para el pr\u00f3ximo 31 de mayo.<\/p>\n\n\n\n<p>Seg\u00fan el documento, el CNE inici\u00f3 una indagaci\u00f3n preliminar contra el candidato, en aplicaci\u00f3n del art\u00edculo 23 de la Ley 1475 de 2011. En ese marco, se solicit\u00f3 que en un plazo de diez d\u00edas h\u00e1biles se entregue una copia completa del informe de ingresos y gastos de la campa\u00f1a, junto con su respectiva revisi\u00f3n t\u00e9cnica.<\/p>\n\n\n\n<p>Tambi\u00e9n se requiri\u00f3 la remisi\u00f3n de documentos, soportes y anexos registrados en el aplicativo Cuentas Claras, as\u00ed como copias de los formularios de inscripci\u00f3n (E-6, E-7 y E-8) y los documentos que acrediten el aval del partido o movimiento pol\u00edtico.<\/p>\n\n\n\n<p>De igual forma, el organismo pidi\u00f3 al candidato un pronunciamiento sobre los hechos materia de investigaci\u00f3n, adem\u00e1s de los documentos que pretenda hacer valer como prueba. En la solicitud tambi\u00e9n se mencionan otros cuatro hechos que podr\u00edan configurar una posible violaci\u00f3n al r\u00e9gimen de financiaci\u00f3n de campa\u00f1as.<\/p>\n\n\n\n<p>Tras hacer p\u00fablica la informaci\u00f3n, Bravo asegur\u00f3 que podr\u00edan derivarse sanciones como resultado de esta indagaci\u00f3n preliminar. Hasta el momento, Iv\u00e1n Cepeda no se ha pronunciado sobre el caso y se est\u00e1 a la espera de nuevos avances.<\/p>\n\n\n\n<p>En paralelo, el candidato anunci\u00f3 movilizaciones para este 1 de mayo en respaldo a las familias afectadas por recientes hechos de violencia en el pa\u00eds. El anuncio se dio luego de una jornada violenta que deja al menos 20 v\u00edctimas mortales.<\/p>\n\n\n\n<p>Cepeda indic\u00f3 que estas acciones buscan rechazar los ataques y envi\u00f3 un mensaje pol\u00edtico frente al contexto actual. \u201cLo que se pretende es generar miedo y la sensaci\u00f3n de que se debe volver a f\u00f3rmulas que ya han fracasado. Buscan fortalecer proyectos de extrema derecha y frenar la movilizaci\u00f3n de quienes nos respaldan\u201d, afirm\u00f3.<\/p>\n\n\n\n<p><\/p>\n","protected":false},"excerpt":{"rendered":"<p>El exconcejal Juan Mart\u00edn Bravo Casta\u00f1o radic\u00f3 una solicitud ante el Consejo Nacional Electoral (CNE) para que se investiguen presuntas irregularidades en la financiaci\u00f3n de la campa\u00f1a de Iv\u00e1n Cepeda durante la consulta realizada el 26 de octubre de 2025. A trav\u00e9s de sus redes sociales, Bravo dio a conocer apartes del documento, en el [&hellip;]<\/p>\n","protected":false},"author":2,"featured_media":97550,"comment_status":"closed","ping_status":"open","sticky":false,"template":"","format":"standard","meta":{"footnotes":""},"categories":[28,32],"tags":[],"class_list":["post-97549","post","type-post","status-publish","format-standard","has-post-thumbnail","hentry","category-actualidad","category-nacional"],"yoast_head":"<!-- This site is optimized with the Yoast SEO plugin v26.6 - https:\/\/yoast.com\/wordpress\/plugins\/seo\/ -->\n<title>Investigaci\u00f3n preliminar a campa\u00f1a de Iv\u00e1n Cepeda -<\/title>\n<meta name=\"robots\" content=\"index, follow, max-snippet:-1, max-image-preview:large, max-video-preview:-1\" \/>\n<link rel=\"canonical\" href=\"https:\/\/luchonoticias.com\/editor\/investigacion-preliminar-a-campana-de-ivan-cepeda\/\" \/>\n<meta property=\"og:locale\" content=\"es_ES\" \/>\n<meta property=\"og:type\" content=\"article\" \/>\n<meta property=\"og:title\" content=\"Investigaci\u00f3n preliminar a campa\u00f1a de Iv\u00e1n Cepeda -\" \/>\n<meta property=\"og:url\" content=\"https:\/\/luchonoticias.com\/editor\/investigacion-preliminar-a-campana-de-ivan-cepeda\/\" \/>\n<meta property=\"article:publisher\" content=\"https:\/\/www.facebook.com\/luchonoticiasneiva\" \/>\n<meta property=\"article:published_time\" content=\"2026-05-01T12:11:16+00:00\" \/>\n<meta property=\"article:modified_time\" content=\"2026-05-01T12:11:18+00:00\" \/>\n<meta property=\"og:image\" content=\"https:\/\/luchonoticias.com\/editor\/wp-content\/uploads\/2026\/05\/CEPEDA.jpg\" \/>\n\t<meta property=\"og:image:width\" content=\"700\" \/>\n\t<meta property=\"og:image:height\" content=\"400\" \/>\n\t<meta property=\"og:image:type\" content=\"image\/jpeg\" \/>\n<meta name=\"author\" content=\"Editor General\" \/>\n<meta name=\"twitter:card\" content=\"summary_large_image\" \/>\n<meta name=\"twitter:label1\" content=\"Escrito por\" \/>\n\t<meta name=\"twitter:data1\" content=\"Editor General\" \/>\n\t<meta name=\"twitter:label2\" content=\"Tiempo de lectura\" \/>\n\t<meta name=\"twitter:data2\" content=\"2 minutos\" \/>\n<script type=\"application\/ld+json\" class=\"yoast-schema-graph\">{\"@context\":\"https:\/\/schema.org\",\"@graph\":[{\"@type\":\"Article\",\"@id\":\"https:\/\/luchonoticias.com\/editor\/investigacion-preliminar-a-campana-de-ivan-cepeda\/#article\",\"isPartOf\":{\"@id\":\"https:\/\/luchonoticias.com\/editor\/investigacion-preliminar-a-campana-de-ivan-cepeda\/\"},\"author\":{\"name\":\"Editor General\",\"@id\":\"https:\/\/luchonoticias.com\/editor\/#\/schema\/person\/29217990ddf6f14e35912b2866d591fb\"},\"headline\":\"Investigaci\u00f3n preliminar a campa\u00f1a de Iv\u00e1n Cepeda\",\"datePublished\":\"2026-05-01T12:11:16+00:00\",\"dateModified\":\"2026-05-01T12:11:18+00:00\",\"mainEntityOfPage\":{\"@id\":\"https:\/\/luchonoticias.com\/editor\/investigacion-preliminar-a-campana-de-ivan-cepeda\/\"},\"wordCount\":406,\"publisher\":{\"@id\":\"https:\/\/luchonoticias.com\/editor\/#\/schema\/person\/7a7fd911f58561fd056dbac7b55af9cd\"},\"image\":{\"@id\":\"https:\/\/luchonoticias.com\/editor\/investigacion-preliminar-a-campana-de-ivan-cepeda\/#primaryimage\"},\"thumbnailUrl\":\"https:\/\/luchonoticias.com\/editor\/wp-content\/uploads\/2026\/05\/CEPEDA.jpg\",\"articleSection\":[\"Actualidad\",\"Nacional\"],\"inLanguage\":\"es\"},{\"@type\":\"WebPage\",\"@id\":\"https:\/\/luchonoticias.com\/editor\/investigacion-preliminar-a-campana-de-ivan-cepeda\/\",\"url\":\"https:\/\/luchonoticias.com\/editor\/investigacion-preliminar-a-campana-de-ivan-cepeda\/\",\"name\":\"Investigaci\u00f3n preliminar a campa\u00f1a de Iv\u00e1n Cepeda -\",\"isPartOf\":{\"@id\":\"https:\/\/luchonoticias.com\/editor\/#website\"},\"primaryImageOfPage\":{\"@id\":\"https:\/\/luchonoticias.com\/editor\/investigacion-preliminar-a-campana-de-ivan-cepeda\/#primaryimage\"},\"image\":{\"@id\":\"https:\/\/luchonoticias.com\/editor\/investigacion-preliminar-a-campana-de-ivan-cepeda\/#primaryimage\"},\"thumbnailUrl\":\"https:\/\/luchonoticias.com\/editor\/wp-content\/uploads\/2026\/05\/CEPEDA.jpg\",\"datePublished\":\"2026-05-01T12:11:16+00:00\",\"dateModified\":\"2026-05-01T12:11:18+00:00\",\"breadcrumb\":{\"@id\":\"https:\/\/luchonoticias.com\/editor\/investigacion-preliminar-a-campana-de-ivan-cepeda\/#breadcrumb\"},\"inLanguage\":\"es\",\"potentialAction\":[{\"@type\":\"ReadAction\",\"target\":[\"https:\/\/luchonoticias.com\/editor\/investigacion-preliminar-a-campana-de-ivan-cepeda\/\"]}]},{\"@type\":\"ImageObject\",\"inLanguage\":\"es\",\"@id\":\"https:\/\/luchonoticias.com\/editor\/investigacion-preliminar-a-campana-de-ivan-cepeda\/#primaryimage\",\"url\":\"https:\/\/luchonoticias.com\/editor\/wp-content\/uploads\/2026\/05\/CEPEDA.jpg\",\"contentUrl\":\"https:\/\/luchonoticias.com\/editor\/wp-content\/uploads\/2026\/05\/CEPEDA.jpg\",\"width\":700,\"height\":400},{\"@type\":\"BreadcrumbList\",\"@id\":\"https:\/\/luchonoticias.com\/editor\/investigacion-preliminar-a-campana-de-ivan-cepeda\/#breadcrumb\",\"itemListElement\":[{\"@type\":\"ListItem\",\"position\":1,\"name\":\"Portada\",\"item\":\"https:\/\/luchonoticias.com\/editor\/\"},{\"@type\":\"ListItem\",\"position\":2,\"name\":\"Investigaci\u00f3n preliminar a campa\u00f1a de Iv\u00e1n Cepeda\"}]},{\"@type\":\"WebSite\",\"@id\":\"https:\/\/luchonoticias.com\/editor\/#website\",\"url\":\"https:\/\/luchonoticias.com\/editor\/\",\"name\":\"\",\"description\":\"\",\"publisher\":{\"@id\":\"https:\/\/luchonoticias.com\/editor\/#\/schema\/person\/7a7fd911f58561fd056dbac7b55af9cd\"},\"potentialAction\":[{\"@type\":\"SearchAction\",\"target\":{\"@type\":\"EntryPoint\",\"urlTemplate\":\"https:\/\/luchonoticias.com\/editor\/?s={search_term_string}\"},\"query-input\":{\"@type\":\"PropertyValueSpecification\",\"valueRequired\":true,\"valueName\":\"search_term_string\"}}],\"inLanguage\":\"es\"},{\"@type\":[\"Person\",\"Organization\"],\"@id\":\"https:\/\/luchonoticias.com\/editor\/#\/schema\/person\/7a7fd911f58561fd056dbac7b55af9cd\",\"name\":\"admin\",\"image\":{\"@type\":\"ImageObject\",\"inLanguage\":\"es\",\"@id\":\"https:\/\/luchonoticias.com\/editor\/#\/schema\/person\/image\/\",\"url\":\"https:\/\/luchonoticias.com\/editor\/wp-content\/uploads\/2024\/02\/cropped-cropped-logolu.webp\",\"contentUrl\":\"https:\/\/luchonoticias.com\/editor\/wp-content\/uploads\/2024\/02\/cropped-cropped-logolu.webp\",\"width\":382,\"height\":170,\"caption\":\"admin\"},\"logo\":{\"@id\":\"https:\/\/luchonoticias.com\/editor\/#\/schema\/person\/image\/\"},\"sameAs\":[\"https:\/\/www.facebook.com\/luchonoticiasneiva\"]},{\"@type\":\"Person\",\"@id\":\"https:\/\/luchonoticias.com\/editor\/#\/schema\/person\/29217990ddf6f14e35912b2866d591fb\",\"name\":\"Editor General\",\"image\":{\"@type\":\"ImageObject\",\"inLanguage\":\"es\",\"@id\":\"https:\/\/luchonoticias.com\/editor\/#\/schema\/person\/image\/\",\"url\":\"https:\/\/luchonoticias.com\/editor\/wp-content\/uploads\/2024\/02\/cropped-cropped-logolu-150x150.webp\",\"contentUrl\":\"https:\/\/luchonoticias.com\/editor\/wp-content\/uploads\/2024\/02\/cropped-cropped-logolu-150x150.webp\",\"caption\":\"Editor General\"},\"sameAs\":[\"https:\/\/luchonoticias.com\/\"],\"url\":\"https:\/\/luchonoticias.com\/editor\/author\/editor-general\/\"}]}<\/script>\n<!-- \/ Yoast SEO plugin. -->","yoast_head_json":{"title":"Investigaci\u00f3n preliminar a campa\u00f1a de Iv\u00e1n Cepeda -","robots":{"index":"index","follow":"follow","max-snippet":"max-snippet:-1","max-image-preview":"max-image-preview:large","max-video-preview":"max-video-preview:-1"},"canonical":"https:\/\/luchonoticias.com\/editor\/investigacion-preliminar-a-campana-de-ivan-cepeda\/","og_locale":"es_ES","og_type":"article","og_title":"Investigaci\u00f3n preliminar a campa\u00f1a de Iv\u00e1n Cepeda -","og_url":"https:\/\/luchonoticias.com\/editor\/investigacion-preliminar-a-campana-de-ivan-cepeda\/","article_publisher":"https:\/\/www.facebook.com\/luchonoticiasneiva","article_published_time":"2026-05-01T12:11:16+00:00","article_modified_time":"2026-05-01T12:11:18+00:00","og_image":[{"width":700,"height":400,"url":"https:\/\/luchonoticias.com\/editor\/wp-content\/uploads\/2026\/05\/CEPEDA.jpg","type":"image\/jpeg"}],"author":"Editor General","twitter_card":"summary_large_image","twitter_misc":{"Escrito por":"Editor General","Tiempo de lectura":"2 minutos"},"schema":{"@context":"https:\/\/schema.org","@graph":[{"@type":"Article","@id":"https:\/\/luchonoticias.com\/editor\/investigacion-preliminar-a-campana-de-ivan-cepeda\/#article","isPartOf":{"@id":"https:\/\/luchonoticias.com\/editor\/investigacion-preliminar-a-campana-de-ivan-cepeda\/"},"author":{"name":"Editor General","@id":"https:\/\/luchonoticias.com\/editor\/#\/schema\/person\/29217990ddf6f14e35912b2866d591fb"},"headline":"Investigaci\u00f3n preliminar a campa\u00f1a de Iv\u00e1n Cepeda","datePublished":"2026-05-01T12:11:16+00:00","dateModified":"2026-05-01T12:11:18+00:00","mainEntityOfPage":{"@id":"https:\/\/luchonoticias.com\/editor\/investigacion-preliminar-a-campana-de-ivan-cepeda\/"},"wordCount":406,"publisher":{"@id":"https:\/\/luchonoticias.com\/editor\/#\/schema\/person\/7a7fd911f58561fd056dbac7b55af9cd"},"image":{"@id":"https:\/\/luchonoticias.com\/editor\/investigacion-preliminar-a-campana-de-ivan-cepeda\/#primaryimage"},"thumbnailUrl":"https:\/\/luchonoticias.com\/editor\/wp-content\/uploads\/2026\/05\/CEPEDA.jpg","articleSection":["Actualidad","Nacional"],"inLanguage":"es"},{"@type":"WebPage","@id":"https:\/\/luchonoticias.com\/editor\/investigacion-preliminar-a-campana-de-ivan-cepeda\/","url":"https:\/\/luchonoticias.com\/editor\/investigacion-preliminar-a-campana-de-ivan-cepeda\/","name":"Investigaci\u00f3n preliminar a campa\u00f1a de Iv\u00e1n Cepeda -","isPartOf":{"@id":"https:\/\/luchonoticias.com\/editor\/#website"},"primaryImageOfPage":{"@id":"https:\/\/luchonoticias.com\/editor\/investigacion-preliminar-a-campana-de-ivan-cepeda\/#primaryimage"},"image":{"@id":"https:\/\/luchonoticias.com\/editor\/investigacion-preliminar-a-campana-de-ivan-cepeda\/#primaryimage"},"thumbnailUrl":"https:\/\/luchonoticias.com\/editor\/wp-content\/uploads\/2026\/05\/CEPEDA.jpg","datePublished":"2026-05-01T12:11:16+00:00","dateModified":"2026-05-01T12:11:18+00:00","breadcrumb":{"@id":"https:\/\/luchonoticias.com\/editor\/investigacion-preliminar-a-campana-de-ivan-cepeda\/#breadcrumb"},"inLanguage":"es","potentialAction":[{"@type":"ReadAction","target":["https:\/\/luchonoticias.com\/editor\/investigacion-preliminar-a-campana-de-ivan-cepeda\/"]}]},{"@type":"ImageObject","inLanguage":"es","@id":"https:\/\/luchonoticias.com\/editor\/investigacion-preliminar-a-campana-de-ivan-cepeda\/#primaryimage","url":"https:\/\/luchonoticias.com\/editor\/wp-content\/uploads\/2026\/05\/CEPEDA.jpg","contentUrl":"https:\/\/luchonoticias.com\/editor\/wp-content\/uploads\/2026\/05\/CEPEDA.jpg","width":700,"height":400},{"@type":"BreadcrumbList","@id":"https:\/\/luchonoticias.com\/editor\/investigacion-preliminar-a-campana-de-ivan-cepeda\/#breadcrumb","itemListElement":[{"@type":"ListItem","position":1,"name":"Portada","item":"https:\/\/luchonoticias.com\/editor\/"},{"@type":"ListItem","position":2,"name":"Investigaci\u00f3n preliminar a campa\u00f1a de Iv\u00e1n Cepeda"}]},{"@type":"WebSite","@id":"https:\/\/luchonoticias.com\/editor\/#website","url":"https:\/\/luchonoticias.com\/editor\/","name":"","description":"","publisher":{"@id":"https:\/\/luchonoticias.com\/editor\/#\/schema\/person\/7a7fd911f58561fd056dbac7b55af9cd"},"potentialAction":[{"@type":"SearchAction","target":{"@type":"EntryPoint","urlTemplate":"https:\/\/luchonoticias.com\/editor\/?s={search_term_string}"},"query-input":{"@type":"PropertyValueSpecification","valueRequired":true,"valueName":"search_term_string"}}],"inLanguage":"es"},{"@type":["Person","Organization"],"@id":"https:\/\/luchonoticias.com\/editor\/#\/schema\/person\/7a7fd911f58561fd056dbac7b55af9cd","name":"admin","image":{"@type":"ImageObject","inLanguage":"es","@id":"https:\/\/luchonoticias.com\/editor\/#\/schema\/person\/image\/","url":"https:\/\/luchonoticias.com\/editor\/wp-content\/uploads\/2024\/02\/cropped-cropped-logolu.webp","contentUrl":"https:\/\/luchonoticias.com\/editor\/wp-content\/uploads\/2024\/02\/cropped-cropped-logolu.webp","width":382,"height":170,"caption":"admin"},"logo":{"@id":"https:\/\/luchonoticias.com\/editor\/#\/schema\/person\/image\/"},"sameAs":["https:\/\/www.facebook.com\/luchonoticiasneiva"]},{"@type":"Person","@id":"https:\/\/luchonoticias.com\/editor\/#\/schema\/person\/29217990ddf6f14e35912b2866d591fb","name":"Editor General","image":{"@type":"ImageObject","inLanguage":"es","@id":"https:\/\/luchonoticias.com\/editor\/#\/schema\/person\/image\/","url":"https:\/\/luchonoticias.com\/editor\/wp-content\/uploads\/2024\/02\/cropped-cropped-logolu-150x150.webp","contentUrl":"https:\/\/luchonoticias.com\/editor\/wp-content\/uploads\/2024\/02\/cropped-cropped-logolu-150x150.webp","caption":"Editor General"},"sameAs":["https:\/\/luchonoticias.com\/"],"url":"https:\/\/luchonoticias.com\/editor\/author\/editor-general\/"}]}},"_links":{"self":[{"href":"https:\/\/luchonoticias.com\/editor\/wp-json\/wp\/v2\/posts\/97549","targetHints":{"allow":["GET"]}}],"collection":[{"href":"https:\/\/luchonoticias.com\/editor\/wp-json\/wp\/v2\/posts"}],"about":[{"href":"https:\/\/luchonoticias.com\/editor\/wp-json\/wp\/v2\/types\/post"}],"author":[{"embeddable":true,"href":"https:\/\/luchonoticias.com\/editor\/wp-json\/wp\/v2\/users\/2"}],"replies":[{"embeddable":true,"href":"https:\/\/luchonoticias.com\/editor\/wp-json\/wp\/v2\/comments?post=97549"}],"version-history":[{"count":1,"href":"https:\/\/luchonoticias.com\/editor\/wp-json\/wp\/v2\/posts\/97549\/revisions"}],"predecessor-version":[{"id":97551,"href":"https:\/\/luchonoticias.com\/editor\/wp-json\/wp\/v2\/posts\/97549\/revisions\/97551"}],"wp:featuredmedia":[{"embeddable":true,"href":"https:\/\/luchonoticias.com\/editor\/wp-json\/wp\/v2\/media\/97550"}],"wp:attachment":[{"href":"https:\/\/luchonoticias.com\/editor\/wp-json\/wp\/v2\/media?parent=97549"}],"wp:term":[{"taxonomy":"category","embeddable":true,"href":"https:\/\/luchonoticias.com\/editor\/wp-json\/wp\/v2\/categories?post=97549"},{"taxonomy":"post_tag","embeddable":true,"href":"https:\/\/luchonoticias.com\/editor\/wp-json\/wp\/v2\/tags?post=97549"}],"curies":[{"name":"wp","href":"https:\/\/api.w.org\/{rel}","templated":true}]}}