{"id":97552,"date":"2026-05-01T09:54:12","date_gmt":"2026-05-01T14:54:12","guid":{"rendered":"https:\/\/luchonoticias.com\/editor\/?p=97552"},"modified":"2026-05-01T09:54:13","modified_gmt":"2026-05-01T14:54:13","slug":"primer-vuelo-en-siete-anos-entre-estados-unidos-y-venezuela","status":"publish","type":"post","link":"https:\/\/luchonoticias.com\/editor\/primer-vuelo-en-siete-anos-entre-estados-unidos-y-venezuela\/","title":{"rendered":"Primer vuelo en siete a\u00f1os entre Estados Unidos y Venezuela"},"content":{"rendered":"\n<p>El primer vuelo comercial directo entre Estados Unidos y Venezuela en siete a\u00f1os aterriz\u00f3 este jueves en el aeropuerto internacional de Maiquet\u00eda, que sirve a Caracas, marcando un nuevo paso en la normalizaci\u00f3n de las relaciones bilaterales.<\/p>\n\n\n\n<p>La operaci\u00f3n, identificada como el vuelo 3599 de Envoy Air \u2014filial de American Airlines\u2014, lleg\u00f3 hacia la 1:15 de la tarde tras despegar desde Miami, con pasajeros entre los que se encontraban ejecutivos, funcionarios del gobierno estadounidense y periodistas.<\/p>\n\n\n\n<p>Tanto en su salida como en su arribo, la aeronave fue recibida con el tradicional arco de agua que simboliza la inauguraci\u00f3n de nuevas rutas. En la pista, el piloto onde\u00f3 una bandera venezolana desde la cabina, gesto que fue aplaudido por el personal aeroportuario.<\/p>\n\n\n\n<p>La reanudaci\u00f3n de esta conexi\u00f3n a\u00e9rea representa la recuperaci\u00f3n de un v\u00ednculo clave para el comercio y la movilidad entre ambos pa\u00edses. \u201cEstados Unidos y Venezuela est\u00e1n recuperando una arteria comercial fundamental que va a acelerar la inversi\u00f3n\u201d, afirm\u00f3 el jefe de la misi\u00f3n diplom\u00e1tica estadounidense, John Barrett, quien calific\u00f3 la jornada como \u201cotro hito hist\u00f3rico\u201d en la relaci\u00f3n bilateral.<\/p>\n","protected":false},"excerpt":{"rendered":"<p>El primer vuelo comercial directo entre Estados Unidos y Venezuela en siete a\u00f1os aterriz\u00f3 este jueves en el aeropuerto internacional de Maiquet\u00eda, que sirve a Caracas, marcando un nuevo paso en la normalizaci\u00f3n de las relaciones bilaterales. La operaci\u00f3n, identificada como el vuelo 3599 de Envoy Air \u2014filial de American Airlines\u2014, lleg\u00f3 hacia la 1:15 [&hellip;]<\/p>\n","protected":false},"author":2,"featured_media":97553,"comment_status":"closed","ping_status":"open","sticky":false,"template":"","format":"standard","meta":{"footnotes":""},"categories":[28],"tags":[],"class_list":["post-97552","post","type-post","status-publish","format-standard","has-post-thumbnail","hentry","category-actualidad"],"yoast_head":"<!-- This site is optimized with the Yoast SEO plugin v26.6 - https:\/\/yoast.com\/wordpress\/plugins\/seo\/ -->\n<title>Primer vuelo en siete a\u00f1os entre Estados Unidos y Venezuela -<\/title>\n<meta name=\"robots\" content=\"index, follow, max-snippet:-1, max-image-preview:large, max-video-preview:-1\" \/>\n<link rel=\"canonical\" href=\"https:\/\/luchonoticias.com\/editor\/primer-vuelo-en-siete-anos-entre-estados-unidos-y-venezuela\/\" \/>\n<meta property=\"og:locale\" content=\"es_ES\" \/>\n<meta property=\"og:type\" content=\"article\" \/>\n<meta property=\"og:title\" content=\"Primer vuelo en siete a\u00f1os entre Estados Unidos y Venezuela -\" \/>\n<meta property=\"og:url\" content=\"https:\/\/luchonoticias.com\/editor\/primer-vuelo-en-siete-anos-entre-estados-unidos-y-venezuela\/\" \/>\n<meta property=\"article:publisher\" content=\"https:\/\/www.facebook.com\/luchonoticiasneiva\" \/>\n<meta property=\"article:published_time\" content=\"2026-05-01T14:54:12+00:00\" \/>\n<meta property=\"article:modified_time\" content=\"2026-05-01T14:54:13+00:00\" \/>\n<meta property=\"og:image\" content=\"https:\/\/luchonoticias.com\/editor\/wp-content\/uploads\/2026\/05\/aviones.jpg\" \/>\n\t<meta property=\"og:image:width\" content=\"700\" \/>\n\t<meta property=\"og:image:height\" content=\"400\" \/>\n\t<meta property=\"og:image:type\" content=\"image\/jpeg\" \/>\n<meta name=\"author\" content=\"Editor General\" \/>\n<meta name=\"twitter:card\" content=\"summary_large_image\" \/>\n<meta name=\"twitter:label1\" content=\"Escrito por\" \/>\n\t<meta name=\"twitter:data1\" content=\"Editor General\" \/>\n\t<meta name=\"twitter:label2\" content=\"Tiempo de lectura\" \/>\n\t<meta name=\"twitter:data2\" content=\"2 minutos\" \/>\n<script type=\"application\/ld+json\" class=\"yoast-schema-graph\">{\"@context\":\"https:\/\/schema.org\",\"@graph\":[{\"@type\":\"Article\",\"@id\":\"https:\/\/luchonoticias.com\/editor\/primer-vuelo-en-siete-anos-entre-estados-unidos-y-venezuela\/#article\",\"isPartOf\":{\"@id\":\"https:\/\/luchonoticias.com\/editor\/primer-vuelo-en-siete-anos-entre-estados-unidos-y-venezuela\/\"},\"author\":{\"name\":\"Editor General\",\"@id\":\"https:\/\/luchonoticias.com\/editor\/#\/schema\/person\/29217990ddf6f14e35912b2866d591fb\"},\"headline\":\"Primer vuelo en siete a\u00f1os entre Estados Unidos y Venezuela\",\"datePublished\":\"2026-05-01T14:54:12+00:00\",\"dateModified\":\"2026-05-01T14:54:13+00:00\",\"mainEntityOfPage\":{\"@id\":\"https:\/\/luchonoticias.com\/editor\/primer-vuelo-en-siete-anos-entre-estados-unidos-y-venezuela\/\"},\"wordCount\":207,\"publisher\":{\"@id\":\"https:\/\/luchonoticias.com\/editor\/#\/schema\/person\/7a7fd911f58561fd056dbac7b55af9cd\"},\"image\":{\"@id\":\"https:\/\/luchonoticias.com\/editor\/primer-vuelo-en-siete-anos-entre-estados-unidos-y-venezuela\/#primaryimage\"},\"thumbnailUrl\":\"https:\/\/luchonoticias.com\/editor\/wp-content\/uploads\/2026\/05\/aviones.jpg\",\"articleSection\":[\"Actualidad\"],\"inLanguage\":\"es\"},{\"@type\":\"WebPage\",\"@id\":\"https:\/\/luchonoticias.com\/editor\/primer-vuelo-en-siete-anos-entre-estados-unidos-y-venezuela\/\",\"url\":\"https:\/\/luchonoticias.com\/editor\/primer-vuelo-en-siete-anos-entre-estados-unidos-y-venezuela\/\",\"name\":\"Primer vuelo en siete a\u00f1os entre Estados Unidos y Venezuela -\",\"isPartOf\":{\"@id\":\"https:\/\/luchonoticias.com\/editor\/#website\"},\"primaryImageOfPage\":{\"@id\":\"https:\/\/luchonoticias.com\/editor\/primer-vuelo-en-siete-anos-entre-estados-unidos-y-venezuela\/#primaryimage\"},\"image\":{\"@id\":\"https:\/\/luchonoticias.com\/editor\/primer-vuelo-en-siete-anos-entre-estados-unidos-y-venezuela\/#primaryimage\"},\"thumbnailUrl\":\"https:\/\/luchonoticias.com\/editor\/wp-content\/uploads\/2026\/05\/aviones.jpg\",\"datePublished\":\"2026-05-01T14:54:12+00:00\",\"dateModified\":\"2026-05-01T14:54:13+00:00\",\"breadcrumb\":{\"@id\":\"https:\/\/luchonoticias.com\/editor\/primer-vuelo-en-siete-anos-entre-estados-unidos-y-venezuela\/#breadcrumb\"},\"inLanguage\":\"es\",\"potentialAction\":[{\"@type\":\"ReadAction\",\"target\":[\"https:\/\/luchonoticias.com\/editor\/primer-vuelo-en-siete-anos-entre-estados-unidos-y-venezuela\/\"]}]},{\"@type\":\"ImageObject\",\"inLanguage\":\"es\",\"@id\":\"https:\/\/luchonoticias.com\/editor\/primer-vuelo-en-siete-anos-entre-estados-unidos-y-venezuela\/#primaryimage\",\"url\":\"https:\/\/luchonoticias.com\/editor\/wp-content\/uploads\/2026\/05\/aviones.jpg\",\"contentUrl\":\"https:\/\/luchonoticias.com\/editor\/wp-content\/uploads\/2026\/05\/aviones.jpg\",\"width\":700,\"height\":400},{\"@type\":\"BreadcrumbList\",\"@id\":\"https:\/\/luchonoticias.com\/editor\/primer-vuelo-en-siete-anos-entre-estados-unidos-y-venezuela\/#breadcrumb\",\"itemListElement\":[{\"@type\":\"ListItem\",\"position\":1,\"name\":\"Portada\",\"item\":\"https:\/\/luchonoticias.com\/editor\/\"},{\"@type\":\"ListItem\",\"position\":2,\"name\":\"Primer vuelo en siete a\u00f1os entre Estados Unidos y Venezuela\"}]},{\"@type\":\"WebSite\",\"@id\":\"https:\/\/luchonoticias.com\/editor\/#website\",\"url\":\"https:\/\/luchonoticias.com\/editor\/\",\"name\":\"\",\"description\":\"\",\"publisher\":{\"@id\":\"https:\/\/luchonoticias.com\/editor\/#\/schema\/person\/7a7fd911f58561fd056dbac7b55af9cd\"},\"potentialAction\":[{\"@type\":\"SearchAction\",\"target\":{\"@type\":\"EntryPoint\",\"urlTemplate\":\"https:\/\/luchonoticias.com\/editor\/?s={search_term_string}\"},\"query-input\":{\"@type\":\"PropertyValueSpecification\",\"valueRequired\":true,\"valueName\":\"search_term_string\"}}],\"inLanguage\":\"es\"},{\"@type\":[\"Person\",\"Organization\"],\"@id\":\"https:\/\/luchonoticias.com\/editor\/#\/schema\/person\/7a7fd911f58561fd056dbac7b55af9cd\",\"name\":\"admin\",\"image\":{\"@type\":\"ImageObject\",\"inLanguage\":\"es\",\"@id\":\"https:\/\/luchonoticias.com\/editor\/#\/schema\/person\/image\/\",\"url\":\"https:\/\/luchonoticias.com\/editor\/wp-content\/uploads\/2024\/02\/cropped-cropped-logolu.webp\",\"contentUrl\":\"https:\/\/luchonoticias.com\/editor\/wp-content\/uploads\/2024\/02\/cropped-cropped-logolu.webp\",\"width\":382,\"height\":170,\"caption\":\"admin\"},\"logo\":{\"@id\":\"https:\/\/luchonoticias.com\/editor\/#\/schema\/person\/image\/\"},\"sameAs\":[\"https:\/\/www.facebook.com\/luchonoticiasneiva\"]},{\"@type\":\"Person\",\"@id\":\"https:\/\/luchonoticias.com\/editor\/#\/schema\/person\/29217990ddf6f14e35912b2866d591fb\",\"name\":\"Editor General\",\"image\":{\"@type\":\"ImageObject\",\"inLanguage\":\"es\",\"@id\":\"https:\/\/luchonoticias.com\/editor\/#\/schema\/person\/image\/\",\"url\":\"https:\/\/luchonoticias.com\/editor\/wp-content\/uploads\/2024\/02\/cropped-cropped-logolu-150x150.webp\",\"contentUrl\":\"https:\/\/luchonoticias.com\/editor\/wp-content\/uploads\/2024\/02\/cropped-cropped-logolu-150x150.webp\",\"caption\":\"Editor General\"},\"sameAs\":[\"https:\/\/luchonoticias.com\/\"],\"url\":\"https:\/\/luchonoticias.com\/editor\/author\/editor-general\/\"}]}<\/script>\n<!-- \/ Yoast SEO plugin. -->","yoast_head_json":{"title":"Primer vuelo en siete a\u00f1os entre Estados Unidos y Venezuela -","robots":{"index":"index","follow":"follow","max-snippet":"max-snippet:-1","max-image-preview":"max-image-preview:large","max-video-preview":"max-video-preview:-1"},"canonical":"https:\/\/luchonoticias.com\/editor\/primer-vuelo-en-siete-anos-entre-estados-unidos-y-venezuela\/","og_locale":"es_ES","og_type":"article","og_title":"Primer vuelo en siete a\u00f1os entre Estados Unidos y Venezuela -","og_url":"https:\/\/luchonoticias.com\/editor\/primer-vuelo-en-siete-anos-entre-estados-unidos-y-venezuela\/","article_publisher":"https:\/\/www.facebook.com\/luchonoticiasneiva","article_published_time":"2026-05-01T14:54:12+00:00","article_modified_time":"2026-05-01T14:54:13+00:00","og_image":[{"width":700,"height":400,"url":"https:\/\/luchonoticias.com\/editor\/wp-content\/uploads\/2026\/05\/aviones.jpg","type":"image\/jpeg"}],"author":"Editor General","twitter_card":"summary_large_image","twitter_misc":{"Escrito por":"Editor General","Tiempo de lectura":"2 minutos"},"schema":{"@context":"https:\/\/schema.org","@graph":[{"@type":"Article","@id":"https:\/\/luchonoticias.com\/editor\/primer-vuelo-en-siete-anos-entre-estados-unidos-y-venezuela\/#article","isPartOf":{"@id":"https:\/\/luchonoticias.com\/editor\/primer-vuelo-en-siete-anos-entre-estados-unidos-y-venezuela\/"},"author":{"name":"Editor General","@id":"https:\/\/luchonoticias.com\/editor\/#\/schema\/person\/29217990ddf6f14e35912b2866d591fb"},"headline":"Primer vuelo en siete a\u00f1os entre Estados Unidos y Venezuela","datePublished":"2026-05-01T14:54:12+00:00","dateModified":"2026-05-01T14:54:13+00:00","mainEntityOfPage":{"@id":"https:\/\/luchonoticias.com\/editor\/primer-vuelo-en-siete-anos-entre-estados-unidos-y-venezuela\/"},"wordCount":207,"publisher":{"@id":"https:\/\/luchonoticias.com\/editor\/#\/schema\/person\/7a7fd911f58561fd056dbac7b55af9cd"},"image":{"@id":"https:\/\/luchonoticias.com\/editor\/primer-vuelo-en-siete-anos-entre-estados-unidos-y-venezuela\/#primaryimage"},"thumbnailUrl":"https:\/\/luchonoticias.com\/editor\/wp-content\/uploads\/2026\/05\/aviones.jpg","articleSection":["Actualidad"],"inLanguage":"es"},{"@type":"WebPage","@id":"https:\/\/luchonoticias.com\/editor\/primer-vuelo-en-siete-anos-entre-estados-unidos-y-venezuela\/","url":"https:\/\/luchonoticias.com\/editor\/primer-vuelo-en-siete-anos-entre-estados-unidos-y-venezuela\/","name":"Primer vuelo en siete a\u00f1os entre Estados Unidos y Venezuela -","isPartOf":{"@id":"https:\/\/luchonoticias.com\/editor\/#website"},"primaryImageOfPage":{"@id":"https:\/\/luchonoticias.com\/editor\/primer-vuelo-en-siete-anos-entre-estados-unidos-y-venezuela\/#primaryimage"},"image":{"@id":"https:\/\/luchonoticias.com\/editor\/primer-vuelo-en-siete-anos-entre-estados-unidos-y-venezuela\/#primaryimage"},"thumbnailUrl":"https:\/\/luchonoticias.com\/editor\/wp-content\/uploads\/2026\/05\/aviones.jpg","datePublished":"2026-05-01T14:54:12+00:00","dateModified":"2026-05-01T14:54:13+00:00","breadcrumb":{"@id":"https:\/\/luchonoticias.com\/editor\/primer-vuelo-en-siete-anos-entre-estados-unidos-y-venezuela\/#breadcrumb"},"inLanguage":"es","potentialAction":[{"@type":"ReadAction","target":["https:\/\/luchonoticias.com\/editor\/primer-vuelo-en-siete-anos-entre-estados-unidos-y-venezuela\/"]}]},{"@type":"ImageObject","inLanguage":"es","@id":"https:\/\/luchonoticias.com\/editor\/primer-vuelo-en-siete-anos-entre-estados-unidos-y-venezuela\/#primaryimage","url":"https:\/\/luchonoticias.com\/editor\/wp-content\/uploads\/2026\/05\/aviones.jpg","contentUrl":"https:\/\/luchonoticias.com\/editor\/wp-content\/uploads\/2026\/05\/aviones.jpg","width":700,"height":400},{"@type":"BreadcrumbList","@id":"https:\/\/luchonoticias.com\/editor\/primer-vuelo-en-siete-anos-entre-estados-unidos-y-venezuela\/#breadcrumb","itemListElement":[{"@type":"ListItem","position":1,"name":"Portada","item":"https:\/\/luchonoticias.com\/editor\/"},{"@type":"ListItem","position":2,"name":"Primer vuelo en siete a\u00f1os entre Estados Unidos y Venezuela"}]},{"@type":"WebSite","@id":"https:\/\/luchonoticias.com\/editor\/#website","url":"https:\/\/luchonoticias.com\/editor\/","name":"","description":"","publisher":{"@id":"https:\/\/luchonoticias.com\/editor\/#\/schema\/person\/7a7fd911f58561fd056dbac7b55af9cd"},"potentialAction":[{"@type":"SearchAction","target":{"@type":"EntryPoint","urlTemplate":"https:\/\/luchonoticias.com\/editor\/?s={search_term_string}"},"query-input":{"@type":"PropertyValueSpecification","valueRequired":true,"valueName":"search_term_string"}}],"inLanguage":"es"},{"@type":["Person","Organization"],"@id":"https:\/\/luchonoticias.com\/editor\/#\/schema\/person\/7a7fd911f58561fd056dbac7b55af9cd","name":"admin","image":{"@type":"ImageObject","inLanguage":"es","@id":"https:\/\/luchonoticias.com\/editor\/#\/schema\/person\/image\/","url":"https:\/\/luchonoticias.com\/editor\/wp-content\/uploads\/2024\/02\/cropped-cropped-logolu.webp","contentUrl":"https:\/\/luchonoticias.com\/editor\/wp-content\/uploads\/2024\/02\/cropped-cropped-logolu.webp","width":382,"height":170,"caption":"admin"},"logo":{"@id":"https:\/\/luchonoticias.com\/editor\/#\/schema\/person\/image\/"},"sameAs":["https:\/\/www.facebook.com\/luchonoticiasneiva"]},{"@type":"Person","@id":"https:\/\/luchonoticias.com\/editor\/#\/schema\/person\/29217990ddf6f14e35912b2866d591fb","name":"Editor General","image":{"@type":"ImageObject","inLanguage":"es","@id":"https:\/\/luchonoticias.com\/editor\/#\/schema\/person\/image\/","url":"https:\/\/luchonoticias.com\/editor\/wp-content\/uploads\/2024\/02\/cropped-cropped-logolu-150x150.webp","contentUrl":"https:\/\/luchonoticias.com\/editor\/wp-content\/uploads\/2024\/02\/cropped-cropped-logolu-150x150.webp","caption":"Editor General"},"sameAs":["https:\/\/luchonoticias.com\/"],"url":"https:\/\/luchonoticias.com\/editor\/author\/editor-general\/"}]}},"_links":{"self":[{"href":"https:\/\/luchonoticias.com\/editor\/wp-json\/wp\/v2\/posts\/97552","targetHints":{"allow":["GET"]}}],"collection":[{"href":"https:\/\/luchonoticias.com\/editor\/wp-json\/wp\/v2\/posts"}],"about":[{"href":"https:\/\/luchonoticias.com\/editor\/wp-json\/wp\/v2\/types\/post"}],"author":[{"embeddable":true,"href":"https:\/\/luchonoticias.com\/editor\/wp-json\/wp\/v2\/users\/2"}],"replies":[{"embeddable":true,"href":"https:\/\/luchonoticias.com\/editor\/wp-json\/wp\/v2\/comments?post=97552"}],"version-history":[{"count":1,"href":"https:\/\/luchonoticias.com\/editor\/wp-json\/wp\/v2\/posts\/97552\/revisions"}],"predecessor-version":[{"id":97554,"href":"https:\/\/luchonoticias.com\/editor\/wp-json\/wp\/v2\/posts\/97552\/revisions\/97554"}],"wp:featuredmedia":[{"embeddable":true,"href":"https:\/\/luchonoticias.com\/editor\/wp-json\/wp\/v2\/media\/97553"}],"wp:attachment":[{"href":"https:\/\/luchonoticias.com\/editor\/wp-json\/wp\/v2\/media?parent=97552"}],"wp:term":[{"taxonomy":"category","embeddable":true,"href":"https:\/\/luchonoticias.com\/editor\/wp-json\/wp\/v2\/categories?post=97552"},{"taxonomy":"post_tag","embeddable":true,"href":"https:\/\/luchonoticias.com\/editor\/wp-json\/wp\/v2\/tags?post=97552"}],"curies":[{"name":"wp","href":"https:\/\/api.w.org\/{rel}","templated":true}]}}