{"id":97555,"date":"2026-05-01T13:29:36","date_gmt":"2026-05-01T18:29:36","guid":{"rendered":"https:\/\/luchonoticias.com\/editor\/?p=97555"},"modified":"2026-05-01T13:29:37","modified_gmt":"2026-05-01T18:29:37","slug":"petro-y-la-fecha-para-presentar-la-constituyente","status":"publish","type":"post","link":"https:\/\/luchonoticias.com\/editor\/petro-y-la-fecha-para-presentar-la-constituyente\/","title":{"rendered":"Petro y la fecha para presentar la Constituyente"},"content":{"rendered":"\n<p>El presidente Gustavo Petro revel\u00f3, a trav\u00e9s de su cuenta en X, nuevos detalles sobre la propuesta de asamblea constituyente impulsada por su gobierno. El mandatario indic\u00f3 que, de reunirse las firmas necesarias, la iniciativa ser\u00eda presentada ante el nuevo Congreso de la Rep\u00fablica el pr\u00f3ximo 20 de julio.<\/p>\n\n\n\n<p>Seg\u00fan explic\u00f3, la eventual constituyente incluir\u00eda cap\u00edtulos orientados a garantizar los derechos fundamentales de los colombianos, en l\u00ednea con las reformas sociales que, asegur\u00f3, han sido bloqueadas por sectores del Congreso y algunas instancias judiciales. Tambi\u00e9n plante\u00f3 una reforma al sistema pol\u00edtico y judicial con el objetivo de combatir la corrupci\u00f3n. \u201cNo cambiaremos m\u00e1s\u201d, afirm\u00f3.<\/p>\n\n\n\n<p>El jefe de Estado subray\u00f3 que la propuesta mantendr\u00eda el modelo de Estado Social de Derecho y asegur\u00f3 que no se afectar\u00eda ni la actividad del nuevo Congreso ni las funciones de la Corte Constitucional.<\/p>\n\n\n\n<p>En su mensaje, Petro insisti\u00f3 en que las reformas sociales y los cambios estructurales en los sistemas pol\u00edtico y judicial son claves para ampliar las oportunidades y avanzar en el desarrollo del pa\u00eds.<\/p>\n\n\n\n<p>Por otra parte, en una publicaci\u00f3n adicional, el mandatario solicit\u00f3 a las mesas directivas del Congreso remitir al Consejo de Estado los registros de inasistencia de los legisladores a comisiones y plenarias, con el fin de aplicar las sanciones previstas en la ley.<\/p>\n\n\n\n<p>\u201cEl Gobierno ha dado mensajes de urgencia e insistencia a varios proyectos que deben ser respetados y tramitados conforme a las normas\u201d, se\u00f1al\u00f3 el presidente.<\/p>\n\n\n\n<p>De acuerdo con la legislaci\u00f3n vigente, un congresista puede perder su investidura si acumula seis inasistencias en un mismo periodo a sesiones plenarias donde se debatan proyectos, actos legislativos o mociones de censura, lo que adem\u00e1s le impedir\u00eda aspirar nuevamente a cargos de elecci\u00f3n popular.<\/p>\n","protected":false},"excerpt":{"rendered":"<p>El presidente Gustavo Petro revel\u00f3, a trav\u00e9s de su cuenta en X, nuevos detalles sobre la propuesta de asamblea constituyente impulsada por su gobierno. El mandatario indic\u00f3 que, de reunirse las firmas necesarias, la iniciativa ser\u00eda presentada ante el nuevo Congreso de la Rep\u00fablica el pr\u00f3ximo 20 de julio. Seg\u00fan explic\u00f3, la eventual constituyente incluir\u00eda [&hellip;]<\/p>\n","protected":false},"author":2,"featured_media":97556,"comment_status":"closed","ping_status":"open","sticky":false,"template":"","format":"standard","meta":{"footnotes":""},"categories":[28,32],"tags":[],"class_list":["post-97555","post","type-post","status-publish","format-standard","has-post-thumbnail","hentry","category-actualidad","category-nacional"],"yoast_head":"<!-- This site is optimized with the Yoast SEO plugin v26.6 - https:\/\/yoast.com\/wordpress\/plugins\/seo\/ -->\n<title>Petro y la fecha para presentar la Constituyente -<\/title>\n<meta name=\"robots\" content=\"index, follow, max-snippet:-1, max-image-preview:large, max-video-preview:-1\" \/>\n<link rel=\"canonical\" href=\"https:\/\/luchonoticias.com\/editor\/petro-y-la-fecha-para-presentar-la-constituyente\/\" \/>\n<meta property=\"og:locale\" content=\"es_ES\" \/>\n<meta property=\"og:type\" content=\"article\" \/>\n<meta property=\"og:title\" content=\"Petro y la fecha para presentar la Constituyente -\" \/>\n<meta property=\"og:url\" content=\"https:\/\/luchonoticias.com\/editor\/petro-y-la-fecha-para-presentar-la-constituyente\/\" \/>\n<meta property=\"article:publisher\" content=\"https:\/\/www.facebook.com\/luchonoticiasneiva\" \/>\n<meta property=\"article:published_time\" content=\"2026-05-01T18:29:36+00:00\" \/>\n<meta property=\"article:modified_time\" content=\"2026-05-01T18:29:37+00:00\" \/>\n<meta property=\"og:image\" content=\"https:\/\/luchonoticias.com\/editor\/wp-content\/uploads\/2026\/05\/GUSTAVO-PETRO.jpg\" \/>\n\t<meta property=\"og:image:width\" content=\"700\" \/>\n\t<meta property=\"og:image:height\" content=\"400\" \/>\n\t<meta property=\"og:image:type\" content=\"image\/jpeg\" \/>\n<meta name=\"author\" content=\"Editor General\" \/>\n<meta name=\"twitter:card\" content=\"summary_large_image\" \/>\n<meta name=\"twitter:label1\" content=\"Escrito por\" \/>\n\t<meta name=\"twitter:data1\" content=\"Editor General\" \/>\n\t<meta name=\"twitter:label2\" content=\"Tiempo de lectura\" \/>\n\t<meta name=\"twitter:data2\" content=\"2 minutos\" \/>\n<script type=\"application\/ld+json\" class=\"yoast-schema-graph\">{\"@context\":\"https:\/\/schema.org\",\"@graph\":[{\"@type\":\"Article\",\"@id\":\"https:\/\/luchonoticias.com\/editor\/petro-y-la-fecha-para-presentar-la-constituyente\/#article\",\"isPartOf\":{\"@id\":\"https:\/\/luchonoticias.com\/editor\/petro-y-la-fecha-para-presentar-la-constituyente\/\"},\"author\":{\"name\":\"Editor General\",\"@id\":\"https:\/\/luchonoticias.com\/editor\/#\/schema\/person\/29217990ddf6f14e35912b2866d591fb\"},\"headline\":\"Petro y la fecha para presentar la Constituyente\",\"datePublished\":\"2026-05-01T18:29:36+00:00\",\"dateModified\":\"2026-05-01T18:29:37+00:00\",\"mainEntityOfPage\":{\"@id\":\"https:\/\/luchonoticias.com\/editor\/petro-y-la-fecha-para-presentar-la-constituyente\/\"},\"wordCount\":314,\"publisher\":{\"@id\":\"https:\/\/luchonoticias.com\/editor\/#\/schema\/person\/7a7fd911f58561fd056dbac7b55af9cd\"},\"image\":{\"@id\":\"https:\/\/luchonoticias.com\/editor\/petro-y-la-fecha-para-presentar-la-constituyente\/#primaryimage\"},\"thumbnailUrl\":\"https:\/\/luchonoticias.com\/editor\/wp-content\/uploads\/2026\/05\/GUSTAVO-PETRO.jpg\",\"articleSection\":[\"Actualidad\",\"Nacional\"],\"inLanguage\":\"es\"},{\"@type\":\"WebPage\",\"@id\":\"https:\/\/luchonoticias.com\/editor\/petro-y-la-fecha-para-presentar-la-constituyente\/\",\"url\":\"https:\/\/luchonoticias.com\/editor\/petro-y-la-fecha-para-presentar-la-constituyente\/\",\"name\":\"Petro y la fecha para presentar la Constituyente -\",\"isPartOf\":{\"@id\":\"https:\/\/luchonoticias.com\/editor\/#website\"},\"primaryImageOfPage\":{\"@id\":\"https:\/\/luchonoticias.com\/editor\/petro-y-la-fecha-para-presentar-la-constituyente\/#primaryimage\"},\"image\":{\"@id\":\"https:\/\/luchonoticias.com\/editor\/petro-y-la-fecha-para-presentar-la-constituyente\/#primaryimage\"},\"thumbnailUrl\":\"https:\/\/luchonoticias.com\/editor\/wp-content\/uploads\/2026\/05\/GUSTAVO-PETRO.jpg\",\"datePublished\":\"2026-05-01T18:29:36+00:00\",\"dateModified\":\"2026-05-01T18:29:37+00:00\",\"breadcrumb\":{\"@id\":\"https:\/\/luchonoticias.com\/editor\/petro-y-la-fecha-para-presentar-la-constituyente\/#breadcrumb\"},\"inLanguage\":\"es\",\"potentialAction\":[{\"@type\":\"ReadAction\",\"target\":[\"https:\/\/luchonoticias.com\/editor\/petro-y-la-fecha-para-presentar-la-constituyente\/\"]}]},{\"@type\":\"ImageObject\",\"inLanguage\":\"es\",\"@id\":\"https:\/\/luchonoticias.com\/editor\/petro-y-la-fecha-para-presentar-la-constituyente\/#primaryimage\",\"url\":\"https:\/\/luchonoticias.com\/editor\/wp-content\/uploads\/2026\/05\/GUSTAVO-PETRO.jpg\",\"contentUrl\":\"https:\/\/luchonoticias.com\/editor\/wp-content\/uploads\/2026\/05\/GUSTAVO-PETRO.jpg\",\"width\":700,\"height\":400},{\"@type\":\"BreadcrumbList\",\"@id\":\"https:\/\/luchonoticias.com\/editor\/petro-y-la-fecha-para-presentar-la-constituyente\/#breadcrumb\",\"itemListElement\":[{\"@type\":\"ListItem\",\"position\":1,\"name\":\"Portada\",\"item\":\"https:\/\/luchonoticias.com\/editor\/\"},{\"@type\":\"ListItem\",\"position\":2,\"name\":\"Petro y la fecha para presentar la Constituyente\"}]},{\"@type\":\"WebSite\",\"@id\":\"https:\/\/luchonoticias.com\/editor\/#website\",\"url\":\"https:\/\/luchonoticias.com\/editor\/\",\"name\":\"\",\"description\":\"\",\"publisher\":{\"@id\":\"https:\/\/luchonoticias.com\/editor\/#\/schema\/person\/7a7fd911f58561fd056dbac7b55af9cd\"},\"potentialAction\":[{\"@type\":\"SearchAction\",\"target\":{\"@type\":\"EntryPoint\",\"urlTemplate\":\"https:\/\/luchonoticias.com\/editor\/?s={search_term_string}\"},\"query-input\":{\"@type\":\"PropertyValueSpecification\",\"valueRequired\":true,\"valueName\":\"search_term_string\"}}],\"inLanguage\":\"es\"},{\"@type\":[\"Person\",\"Organization\"],\"@id\":\"https:\/\/luchonoticias.com\/editor\/#\/schema\/person\/7a7fd911f58561fd056dbac7b55af9cd\",\"name\":\"admin\",\"image\":{\"@type\":\"ImageObject\",\"inLanguage\":\"es\",\"@id\":\"https:\/\/luchonoticias.com\/editor\/#\/schema\/person\/image\/\",\"url\":\"https:\/\/luchonoticias.com\/editor\/wp-content\/uploads\/2024\/02\/cropped-cropped-logolu.webp\",\"contentUrl\":\"https:\/\/luchonoticias.com\/editor\/wp-content\/uploads\/2024\/02\/cropped-cropped-logolu.webp\",\"width\":382,\"height\":170,\"caption\":\"admin\"},\"logo\":{\"@id\":\"https:\/\/luchonoticias.com\/editor\/#\/schema\/person\/image\/\"},\"sameAs\":[\"https:\/\/www.facebook.com\/luchonoticiasneiva\"]},{\"@type\":\"Person\",\"@id\":\"https:\/\/luchonoticias.com\/editor\/#\/schema\/person\/29217990ddf6f14e35912b2866d591fb\",\"name\":\"Editor General\",\"image\":{\"@type\":\"ImageObject\",\"inLanguage\":\"es\",\"@id\":\"https:\/\/luchonoticias.com\/editor\/#\/schema\/person\/image\/\",\"url\":\"https:\/\/luchonoticias.com\/editor\/wp-content\/uploads\/2024\/02\/cropped-cropped-logolu-150x150.webp\",\"contentUrl\":\"https:\/\/luchonoticias.com\/editor\/wp-content\/uploads\/2024\/02\/cropped-cropped-logolu-150x150.webp\",\"caption\":\"Editor General\"},\"sameAs\":[\"https:\/\/luchonoticias.com\/\"],\"url\":\"https:\/\/luchonoticias.com\/editor\/author\/editor-general\/\"}]}<\/script>\n<!-- \/ Yoast SEO plugin. -->","yoast_head_json":{"title":"Petro y la fecha para presentar la Constituyente -","robots":{"index":"index","follow":"follow","max-snippet":"max-snippet:-1","max-image-preview":"max-image-preview:large","max-video-preview":"max-video-preview:-1"},"canonical":"https:\/\/luchonoticias.com\/editor\/petro-y-la-fecha-para-presentar-la-constituyente\/","og_locale":"es_ES","og_type":"article","og_title":"Petro y la fecha para presentar la Constituyente -","og_url":"https:\/\/luchonoticias.com\/editor\/petro-y-la-fecha-para-presentar-la-constituyente\/","article_publisher":"https:\/\/www.facebook.com\/luchonoticiasneiva","article_published_time":"2026-05-01T18:29:36+00:00","article_modified_time":"2026-05-01T18:29:37+00:00","og_image":[{"width":700,"height":400,"url":"https:\/\/luchonoticias.com\/editor\/wp-content\/uploads\/2026\/05\/GUSTAVO-PETRO.jpg","type":"image\/jpeg"}],"author":"Editor General","twitter_card":"summary_large_image","twitter_misc":{"Escrito por":"Editor General","Tiempo de lectura":"2 minutos"},"schema":{"@context":"https:\/\/schema.org","@graph":[{"@type":"Article","@id":"https:\/\/luchonoticias.com\/editor\/petro-y-la-fecha-para-presentar-la-constituyente\/#article","isPartOf":{"@id":"https:\/\/luchonoticias.com\/editor\/petro-y-la-fecha-para-presentar-la-constituyente\/"},"author":{"name":"Editor General","@id":"https:\/\/luchonoticias.com\/editor\/#\/schema\/person\/29217990ddf6f14e35912b2866d591fb"},"headline":"Petro y la fecha para presentar la Constituyente","datePublished":"2026-05-01T18:29:36+00:00","dateModified":"2026-05-01T18:29:37+00:00","mainEntityOfPage":{"@id":"https:\/\/luchonoticias.com\/editor\/petro-y-la-fecha-para-presentar-la-constituyente\/"},"wordCount":314,"publisher":{"@id":"https:\/\/luchonoticias.com\/editor\/#\/schema\/person\/7a7fd911f58561fd056dbac7b55af9cd"},"image":{"@id":"https:\/\/luchonoticias.com\/editor\/petro-y-la-fecha-para-presentar-la-constituyente\/#primaryimage"},"thumbnailUrl":"https:\/\/luchonoticias.com\/editor\/wp-content\/uploads\/2026\/05\/GUSTAVO-PETRO.jpg","articleSection":["Actualidad","Nacional"],"inLanguage":"es"},{"@type":"WebPage","@id":"https:\/\/luchonoticias.com\/editor\/petro-y-la-fecha-para-presentar-la-constituyente\/","url":"https:\/\/luchonoticias.com\/editor\/petro-y-la-fecha-para-presentar-la-constituyente\/","name":"Petro y la fecha para presentar la Constituyente -","isPartOf":{"@id":"https:\/\/luchonoticias.com\/editor\/#website"},"primaryImageOfPage":{"@id":"https:\/\/luchonoticias.com\/editor\/petro-y-la-fecha-para-presentar-la-constituyente\/#primaryimage"},"image":{"@id":"https:\/\/luchonoticias.com\/editor\/petro-y-la-fecha-para-presentar-la-constituyente\/#primaryimage"},"thumbnailUrl":"https:\/\/luchonoticias.com\/editor\/wp-content\/uploads\/2026\/05\/GUSTAVO-PETRO.jpg","datePublished":"2026-05-01T18:29:36+00:00","dateModified":"2026-05-01T18:29:37+00:00","breadcrumb":{"@id":"https:\/\/luchonoticias.com\/editor\/petro-y-la-fecha-para-presentar-la-constituyente\/#breadcrumb"},"inLanguage":"es","potentialAction":[{"@type":"ReadAction","target":["https:\/\/luchonoticias.com\/editor\/petro-y-la-fecha-para-presentar-la-constituyente\/"]}]},{"@type":"ImageObject","inLanguage":"es","@id":"https:\/\/luchonoticias.com\/editor\/petro-y-la-fecha-para-presentar-la-constituyente\/#primaryimage","url":"https:\/\/luchonoticias.com\/editor\/wp-content\/uploads\/2026\/05\/GUSTAVO-PETRO.jpg","contentUrl":"https:\/\/luchonoticias.com\/editor\/wp-content\/uploads\/2026\/05\/GUSTAVO-PETRO.jpg","width":700,"height":400},{"@type":"BreadcrumbList","@id":"https:\/\/luchonoticias.com\/editor\/petro-y-la-fecha-para-presentar-la-constituyente\/#breadcrumb","itemListElement":[{"@type":"ListItem","position":1,"name":"Portada","item":"https:\/\/luchonoticias.com\/editor\/"},{"@type":"ListItem","position":2,"name":"Petro y la fecha para presentar la Constituyente"}]},{"@type":"WebSite","@id":"https:\/\/luchonoticias.com\/editor\/#website","url":"https:\/\/luchonoticias.com\/editor\/","name":"","description":"","publisher":{"@id":"https:\/\/luchonoticias.com\/editor\/#\/schema\/person\/7a7fd911f58561fd056dbac7b55af9cd"},"potentialAction":[{"@type":"SearchAction","target":{"@type":"EntryPoint","urlTemplate":"https:\/\/luchonoticias.com\/editor\/?s={search_term_string}"},"query-input":{"@type":"PropertyValueSpecification","valueRequired":true,"valueName":"search_term_string"}}],"inLanguage":"es"},{"@type":["Person","Organization"],"@id":"https:\/\/luchonoticias.com\/editor\/#\/schema\/person\/7a7fd911f58561fd056dbac7b55af9cd","name":"admin","image":{"@type":"ImageObject","inLanguage":"es","@id":"https:\/\/luchonoticias.com\/editor\/#\/schema\/person\/image\/","url":"https:\/\/luchonoticias.com\/editor\/wp-content\/uploads\/2024\/02\/cropped-cropped-logolu.webp","contentUrl":"https:\/\/luchonoticias.com\/editor\/wp-content\/uploads\/2024\/02\/cropped-cropped-logolu.webp","width":382,"height":170,"caption":"admin"},"logo":{"@id":"https:\/\/luchonoticias.com\/editor\/#\/schema\/person\/image\/"},"sameAs":["https:\/\/www.facebook.com\/luchonoticiasneiva"]},{"@type":"Person","@id":"https:\/\/luchonoticias.com\/editor\/#\/schema\/person\/29217990ddf6f14e35912b2866d591fb","name":"Editor General","image":{"@type":"ImageObject","inLanguage":"es","@id":"https:\/\/luchonoticias.com\/editor\/#\/schema\/person\/image\/","url":"https:\/\/luchonoticias.com\/editor\/wp-content\/uploads\/2024\/02\/cropped-cropped-logolu-150x150.webp","contentUrl":"https:\/\/luchonoticias.com\/editor\/wp-content\/uploads\/2024\/02\/cropped-cropped-logolu-150x150.webp","caption":"Editor General"},"sameAs":["https:\/\/luchonoticias.com\/"],"url":"https:\/\/luchonoticias.com\/editor\/author\/editor-general\/"}]}},"_links":{"self":[{"href":"https:\/\/luchonoticias.com\/editor\/wp-json\/wp\/v2\/posts\/97555","targetHints":{"allow":["GET"]}}],"collection":[{"href":"https:\/\/luchonoticias.com\/editor\/wp-json\/wp\/v2\/posts"}],"about":[{"href":"https:\/\/luchonoticias.com\/editor\/wp-json\/wp\/v2\/types\/post"}],"author":[{"embeddable":true,"href":"https:\/\/luchonoticias.com\/editor\/wp-json\/wp\/v2\/users\/2"}],"replies":[{"embeddable":true,"href":"https:\/\/luchonoticias.com\/editor\/wp-json\/wp\/v2\/comments?post=97555"}],"version-history":[{"count":1,"href":"https:\/\/luchonoticias.com\/editor\/wp-json\/wp\/v2\/posts\/97555\/revisions"}],"predecessor-version":[{"id":97557,"href":"https:\/\/luchonoticias.com\/editor\/wp-json\/wp\/v2\/posts\/97555\/revisions\/97557"}],"wp:featuredmedia":[{"embeddable":true,"href":"https:\/\/luchonoticias.com\/editor\/wp-json\/wp\/v2\/media\/97556"}],"wp:attachment":[{"href":"https:\/\/luchonoticias.com\/editor\/wp-json\/wp\/v2\/media?parent=97555"}],"wp:term":[{"taxonomy":"category","embeddable":true,"href":"https:\/\/luchonoticias.com\/editor\/wp-json\/wp\/v2\/categories?post=97555"},{"taxonomy":"post_tag","embeddable":true,"href":"https:\/\/luchonoticias.com\/editor\/wp-json\/wp\/v2\/tags?post=97555"}],"curies":[{"name":"wp","href":"https:\/\/api.w.org\/{rel}","templated":true}]}}