{"id":97567,"date":"2026-05-02T04:30:54","date_gmt":"2026-05-02T09:30:54","guid":{"rendered":"https:\/\/luchonoticias.com\/editor\/?p=97567"},"modified":"2026-05-02T04:30:55","modified_gmt":"2026-05-02T09:30:55","slug":"denuncian-escalada-del-eln-en-el-choco","status":"publish","type":"post","link":"https:\/\/luchonoticias.com\/editor\/denuncian-escalada-del-eln-en-el-choco\/","title":{"rendered":"Denuncian escalada del ELN en el Choc\u00f3"},"content":{"rendered":"\n<p>La gobernadora del Choc\u00f3, Nubia Carolina C\u00f3rdoba-Curi, denunci\u00f3 una escalada de ataques atribuidos al Ej\u00e9rcito de Liberaci\u00f3n Nacional (ELN) mediante el uso de drones en el municipio de R\u00edo Ir\u00f3, donde en las \u00faltimas horas se han registrado seis acciones con cinco detonaciones que dejaron dos patrulleros de la Polic\u00eda Nacional de Colombia heridos por explosivos.<\/p>\n\n\n\n<p>\u201cEn este momento el ELN ataca con drones la estaci\u00f3n de Polic\u00eda de Santa Rita, cabecera municipal de R\u00edo Ir\u00f3. Al momento tenemos dos patrulleros de la Polic\u00eda Nacional heridos por los explosivos\u201d, se\u00f1al\u00f3 la mandataria.<\/p>\n\n\n\n<p>La gobernadora precis\u00f3 que los hechos corresponden a \u201cseis acciones con cinco detonaciones\u201d, que han afectado tanto a los miembros de la fuerza p\u00fablica como a la infraestructura de la estaci\u00f3n, lo que evidencia la intensidad de la ofensiva en esta zona del pa\u00eds.<\/p>\n\n\n\n<p>Asimismo, advirti\u00f3 que el uso de drones en este tipo de ataques \u201ces repetitivo\u201d en R\u00edo Ir\u00f3 y sus alrededores, y sostuvo que \u201clas medidas ordinarias ya no dan abasto frente a esta arremetida criminal que pone en jaque la seguridad y la tranquilidad de la ciudadan\u00eda\u201d.<\/p>\n\n\n\n<p>De acuerdo con un reporte oficial de la Polic\u00eda, el primer incidente se registr\u00f3 hacia las 3:25 de la tarde, cuando un artefacto explosivo improvisado fue lanzado desde un dron contra la estaci\u00f3n de Santa Rita. Posteriormente, hacia las 5:05 p.m., ya se contabilizaban cinco detonaciones, adem\u00e1s de un sexto artefacto que habr\u00eda ca\u00eddo en el patio trasero de la instalaci\u00f3n y que est\u00e1 pendiente de verificaci\u00f3n.<\/p>\n\n\n\n<p>El informe preliminar indica que los uniformados lesionados son el mayor C\u00e9sar Augusto Jerez Ball\u00e9n, comandante de la estaci\u00f3n, quien presenta una herida en el cuello por esquirlas, y el patrullero Heiler Chaverra Perea, secretario de la estaci\u00f3n, con una herida en la pierna izquierda. Ambos est\u00e1n siendo evaluados para determinar la gravedad de sus lesiones.<\/p>\n","protected":false},"excerpt":{"rendered":"<p>La gobernadora del Choc\u00f3, Nubia Carolina C\u00f3rdoba-Curi, denunci\u00f3 una escalada de ataques atribuidos al Ej\u00e9rcito de Liberaci\u00f3n Nacional (ELN) mediante el uso de drones en el municipio de R\u00edo Ir\u00f3, donde en las \u00faltimas horas se han registrado seis acciones con cinco detonaciones que dejaron dos patrulleros de la Polic\u00eda Nacional de Colombia heridos por [&hellip;]<\/p>\n","protected":false},"author":2,"featured_media":97568,"comment_status":"closed","ping_status":"open","sticky":false,"template":"","format":"standard","meta":{"footnotes":""},"categories":[28,32],"tags":[],"class_list":["post-97567","post","type-post","status-publish","format-standard","has-post-thumbnail","hentry","category-actualidad","category-nacional"],"yoast_head":"<!-- This site is optimized with the Yoast SEO plugin v26.6 - https:\/\/yoast.com\/wordpress\/plugins\/seo\/ -->\n<title>Denuncian escalada del ELN en el Choc\u00f3 -<\/title>\n<meta name=\"robots\" content=\"index, follow, max-snippet:-1, max-image-preview:large, max-video-preview:-1\" \/>\n<link rel=\"canonical\" href=\"https:\/\/luchonoticias.com\/editor\/denuncian-escalada-del-eln-en-el-choco\/\" \/>\n<meta property=\"og:locale\" content=\"es_ES\" \/>\n<meta property=\"og:type\" content=\"article\" \/>\n<meta property=\"og:title\" content=\"Denuncian escalada del ELN en el Choc\u00f3 -\" \/>\n<meta property=\"og:url\" content=\"https:\/\/luchonoticias.com\/editor\/denuncian-escalada-del-eln-en-el-choco\/\" \/>\n<meta property=\"article:publisher\" content=\"https:\/\/www.facebook.com\/luchonoticiasneiva\" \/>\n<meta property=\"article:published_time\" content=\"2026-05-02T09:30:54+00:00\" \/>\n<meta property=\"article:modified_time\" content=\"2026-05-02T09:30:55+00:00\" \/>\n<meta property=\"og:image\" content=\"https:\/\/luchonoticias.com\/editor\/wp-content\/uploads\/2026\/05\/ELN.jpg\" \/>\n\t<meta property=\"og:image:width\" content=\"700\" \/>\n\t<meta property=\"og:image:height\" content=\"400\" \/>\n\t<meta property=\"og:image:type\" content=\"image\/jpeg\" \/>\n<meta name=\"author\" content=\"Editor General\" \/>\n<meta name=\"twitter:card\" content=\"summary_large_image\" \/>\n<meta name=\"twitter:label1\" content=\"Escrito por\" \/>\n\t<meta name=\"twitter:data1\" content=\"Editor General\" \/>\n\t<meta name=\"twitter:label2\" content=\"Tiempo de lectura\" \/>\n\t<meta name=\"twitter:data2\" content=\"2 minutos\" \/>\n<script type=\"application\/ld+json\" class=\"yoast-schema-graph\">{\"@context\":\"https:\/\/schema.org\",\"@graph\":[{\"@type\":\"Article\",\"@id\":\"https:\/\/luchonoticias.com\/editor\/denuncian-escalada-del-eln-en-el-choco\/#article\",\"isPartOf\":{\"@id\":\"https:\/\/luchonoticias.com\/editor\/denuncian-escalada-del-eln-en-el-choco\/\"},\"author\":{\"name\":\"Editor General\",\"@id\":\"https:\/\/luchonoticias.com\/editor\/#\/schema\/person\/29217990ddf6f14e35912b2866d591fb\"},\"headline\":\"Denuncian escalada del ELN en el Choc\u00f3\",\"datePublished\":\"2026-05-02T09:30:54+00:00\",\"dateModified\":\"2026-05-02T09:30:55+00:00\",\"mainEntityOfPage\":{\"@id\":\"https:\/\/luchonoticias.com\/editor\/denuncian-escalada-del-eln-en-el-choco\/\"},\"wordCount\":339,\"publisher\":{\"@id\":\"https:\/\/luchonoticias.com\/editor\/#\/schema\/person\/7a7fd911f58561fd056dbac7b55af9cd\"},\"image\":{\"@id\":\"https:\/\/luchonoticias.com\/editor\/denuncian-escalada-del-eln-en-el-choco\/#primaryimage\"},\"thumbnailUrl\":\"https:\/\/luchonoticias.com\/editor\/wp-content\/uploads\/2026\/05\/ELN.jpg\",\"articleSection\":[\"Actualidad\",\"Nacional\"],\"inLanguage\":\"es\"},{\"@type\":\"WebPage\",\"@id\":\"https:\/\/luchonoticias.com\/editor\/denuncian-escalada-del-eln-en-el-choco\/\",\"url\":\"https:\/\/luchonoticias.com\/editor\/denuncian-escalada-del-eln-en-el-choco\/\",\"name\":\"Denuncian escalada del ELN en el Choc\u00f3 -\",\"isPartOf\":{\"@id\":\"https:\/\/luchonoticias.com\/editor\/#website\"},\"primaryImageOfPage\":{\"@id\":\"https:\/\/luchonoticias.com\/editor\/denuncian-escalada-del-eln-en-el-choco\/#primaryimage\"},\"image\":{\"@id\":\"https:\/\/luchonoticias.com\/editor\/denuncian-escalada-del-eln-en-el-choco\/#primaryimage\"},\"thumbnailUrl\":\"https:\/\/luchonoticias.com\/editor\/wp-content\/uploads\/2026\/05\/ELN.jpg\",\"datePublished\":\"2026-05-02T09:30:54+00:00\",\"dateModified\":\"2026-05-02T09:30:55+00:00\",\"breadcrumb\":{\"@id\":\"https:\/\/luchonoticias.com\/editor\/denuncian-escalada-del-eln-en-el-choco\/#breadcrumb\"},\"inLanguage\":\"es\",\"potentialAction\":[{\"@type\":\"ReadAction\",\"target\":[\"https:\/\/luchonoticias.com\/editor\/denuncian-escalada-del-eln-en-el-choco\/\"]}]},{\"@type\":\"ImageObject\",\"inLanguage\":\"es\",\"@id\":\"https:\/\/luchonoticias.com\/editor\/denuncian-escalada-del-eln-en-el-choco\/#primaryimage\",\"url\":\"https:\/\/luchonoticias.com\/editor\/wp-content\/uploads\/2026\/05\/ELN.jpg\",\"contentUrl\":\"https:\/\/luchonoticias.com\/editor\/wp-content\/uploads\/2026\/05\/ELN.jpg\",\"width\":700,\"height\":400},{\"@type\":\"BreadcrumbList\",\"@id\":\"https:\/\/luchonoticias.com\/editor\/denuncian-escalada-del-eln-en-el-choco\/#breadcrumb\",\"itemListElement\":[{\"@type\":\"ListItem\",\"position\":1,\"name\":\"Portada\",\"item\":\"https:\/\/luchonoticias.com\/editor\/\"},{\"@type\":\"ListItem\",\"position\":2,\"name\":\"Denuncian escalada del ELN en el Choc\u00f3\"}]},{\"@type\":\"WebSite\",\"@id\":\"https:\/\/luchonoticias.com\/editor\/#website\",\"url\":\"https:\/\/luchonoticias.com\/editor\/\",\"name\":\"\",\"description\":\"\",\"publisher\":{\"@id\":\"https:\/\/luchonoticias.com\/editor\/#\/schema\/person\/7a7fd911f58561fd056dbac7b55af9cd\"},\"potentialAction\":[{\"@type\":\"SearchAction\",\"target\":{\"@type\":\"EntryPoint\",\"urlTemplate\":\"https:\/\/luchonoticias.com\/editor\/?s={search_term_string}\"},\"query-input\":{\"@type\":\"PropertyValueSpecification\",\"valueRequired\":true,\"valueName\":\"search_term_string\"}}],\"inLanguage\":\"es\"},{\"@type\":[\"Person\",\"Organization\"],\"@id\":\"https:\/\/luchonoticias.com\/editor\/#\/schema\/person\/7a7fd911f58561fd056dbac7b55af9cd\",\"name\":\"admin\",\"image\":{\"@type\":\"ImageObject\",\"inLanguage\":\"es\",\"@id\":\"https:\/\/luchonoticias.com\/editor\/#\/schema\/person\/image\/\",\"url\":\"https:\/\/luchonoticias.com\/editor\/wp-content\/uploads\/2024\/02\/cropped-cropped-logolu.webp\",\"contentUrl\":\"https:\/\/luchonoticias.com\/editor\/wp-content\/uploads\/2024\/02\/cropped-cropped-logolu.webp\",\"width\":382,\"height\":170,\"caption\":\"admin\"},\"logo\":{\"@id\":\"https:\/\/luchonoticias.com\/editor\/#\/schema\/person\/image\/\"},\"sameAs\":[\"https:\/\/www.facebook.com\/luchonoticiasneiva\"]},{\"@type\":\"Person\",\"@id\":\"https:\/\/luchonoticias.com\/editor\/#\/schema\/person\/29217990ddf6f14e35912b2866d591fb\",\"name\":\"Editor General\",\"image\":{\"@type\":\"ImageObject\",\"inLanguage\":\"es\",\"@id\":\"https:\/\/luchonoticias.com\/editor\/#\/schema\/person\/image\/\",\"url\":\"https:\/\/luchonoticias.com\/editor\/wp-content\/uploads\/2024\/02\/cropped-cropped-logolu-150x150.webp\",\"contentUrl\":\"https:\/\/luchonoticias.com\/editor\/wp-content\/uploads\/2024\/02\/cropped-cropped-logolu-150x150.webp\",\"caption\":\"Editor General\"},\"sameAs\":[\"https:\/\/luchonoticias.com\/\"],\"url\":\"https:\/\/luchonoticias.com\/editor\/author\/editor-general\/\"}]}<\/script>\n<!-- \/ Yoast SEO plugin. -->","yoast_head_json":{"title":"Denuncian escalada del ELN en el Choc\u00f3 -","robots":{"index":"index","follow":"follow","max-snippet":"max-snippet:-1","max-image-preview":"max-image-preview:large","max-video-preview":"max-video-preview:-1"},"canonical":"https:\/\/luchonoticias.com\/editor\/denuncian-escalada-del-eln-en-el-choco\/","og_locale":"es_ES","og_type":"article","og_title":"Denuncian escalada del ELN en el Choc\u00f3 -","og_url":"https:\/\/luchonoticias.com\/editor\/denuncian-escalada-del-eln-en-el-choco\/","article_publisher":"https:\/\/www.facebook.com\/luchonoticiasneiva","article_published_time":"2026-05-02T09:30:54+00:00","article_modified_time":"2026-05-02T09:30:55+00:00","og_image":[{"width":700,"height":400,"url":"https:\/\/luchonoticias.com\/editor\/wp-content\/uploads\/2026\/05\/ELN.jpg","type":"image\/jpeg"}],"author":"Editor General","twitter_card":"summary_large_image","twitter_misc":{"Escrito por":"Editor General","Tiempo de lectura":"2 minutos"},"schema":{"@context":"https:\/\/schema.org","@graph":[{"@type":"Article","@id":"https:\/\/luchonoticias.com\/editor\/denuncian-escalada-del-eln-en-el-choco\/#article","isPartOf":{"@id":"https:\/\/luchonoticias.com\/editor\/denuncian-escalada-del-eln-en-el-choco\/"},"author":{"name":"Editor General","@id":"https:\/\/luchonoticias.com\/editor\/#\/schema\/person\/29217990ddf6f14e35912b2866d591fb"},"headline":"Denuncian escalada del ELN en el Choc\u00f3","datePublished":"2026-05-02T09:30:54+00:00","dateModified":"2026-05-02T09:30:55+00:00","mainEntityOfPage":{"@id":"https:\/\/luchonoticias.com\/editor\/denuncian-escalada-del-eln-en-el-choco\/"},"wordCount":339,"publisher":{"@id":"https:\/\/luchonoticias.com\/editor\/#\/schema\/person\/7a7fd911f58561fd056dbac7b55af9cd"},"image":{"@id":"https:\/\/luchonoticias.com\/editor\/denuncian-escalada-del-eln-en-el-choco\/#primaryimage"},"thumbnailUrl":"https:\/\/luchonoticias.com\/editor\/wp-content\/uploads\/2026\/05\/ELN.jpg","articleSection":["Actualidad","Nacional"],"inLanguage":"es"},{"@type":"WebPage","@id":"https:\/\/luchonoticias.com\/editor\/denuncian-escalada-del-eln-en-el-choco\/","url":"https:\/\/luchonoticias.com\/editor\/denuncian-escalada-del-eln-en-el-choco\/","name":"Denuncian escalada del ELN en el Choc\u00f3 -","isPartOf":{"@id":"https:\/\/luchonoticias.com\/editor\/#website"},"primaryImageOfPage":{"@id":"https:\/\/luchonoticias.com\/editor\/denuncian-escalada-del-eln-en-el-choco\/#primaryimage"},"image":{"@id":"https:\/\/luchonoticias.com\/editor\/denuncian-escalada-del-eln-en-el-choco\/#primaryimage"},"thumbnailUrl":"https:\/\/luchonoticias.com\/editor\/wp-content\/uploads\/2026\/05\/ELN.jpg","datePublished":"2026-05-02T09:30:54+00:00","dateModified":"2026-05-02T09:30:55+00:00","breadcrumb":{"@id":"https:\/\/luchonoticias.com\/editor\/denuncian-escalada-del-eln-en-el-choco\/#breadcrumb"},"inLanguage":"es","potentialAction":[{"@type":"ReadAction","target":["https:\/\/luchonoticias.com\/editor\/denuncian-escalada-del-eln-en-el-choco\/"]}]},{"@type":"ImageObject","inLanguage":"es","@id":"https:\/\/luchonoticias.com\/editor\/denuncian-escalada-del-eln-en-el-choco\/#primaryimage","url":"https:\/\/luchonoticias.com\/editor\/wp-content\/uploads\/2026\/05\/ELN.jpg","contentUrl":"https:\/\/luchonoticias.com\/editor\/wp-content\/uploads\/2026\/05\/ELN.jpg","width":700,"height":400},{"@type":"BreadcrumbList","@id":"https:\/\/luchonoticias.com\/editor\/denuncian-escalada-del-eln-en-el-choco\/#breadcrumb","itemListElement":[{"@type":"ListItem","position":1,"name":"Portada","item":"https:\/\/luchonoticias.com\/editor\/"},{"@type":"ListItem","position":2,"name":"Denuncian escalada del ELN en el Choc\u00f3"}]},{"@type":"WebSite","@id":"https:\/\/luchonoticias.com\/editor\/#website","url":"https:\/\/luchonoticias.com\/editor\/","name":"","description":"","publisher":{"@id":"https:\/\/luchonoticias.com\/editor\/#\/schema\/person\/7a7fd911f58561fd056dbac7b55af9cd"},"potentialAction":[{"@type":"SearchAction","target":{"@type":"EntryPoint","urlTemplate":"https:\/\/luchonoticias.com\/editor\/?s={search_term_string}"},"query-input":{"@type":"PropertyValueSpecification","valueRequired":true,"valueName":"search_term_string"}}],"inLanguage":"es"},{"@type":["Person","Organization"],"@id":"https:\/\/luchonoticias.com\/editor\/#\/schema\/person\/7a7fd911f58561fd056dbac7b55af9cd","name":"admin","image":{"@type":"ImageObject","inLanguage":"es","@id":"https:\/\/luchonoticias.com\/editor\/#\/schema\/person\/image\/","url":"https:\/\/luchonoticias.com\/editor\/wp-content\/uploads\/2024\/02\/cropped-cropped-logolu.webp","contentUrl":"https:\/\/luchonoticias.com\/editor\/wp-content\/uploads\/2024\/02\/cropped-cropped-logolu.webp","width":382,"height":170,"caption":"admin"},"logo":{"@id":"https:\/\/luchonoticias.com\/editor\/#\/schema\/person\/image\/"},"sameAs":["https:\/\/www.facebook.com\/luchonoticiasneiva"]},{"@type":"Person","@id":"https:\/\/luchonoticias.com\/editor\/#\/schema\/person\/29217990ddf6f14e35912b2866d591fb","name":"Editor General","image":{"@type":"ImageObject","inLanguage":"es","@id":"https:\/\/luchonoticias.com\/editor\/#\/schema\/person\/image\/","url":"https:\/\/luchonoticias.com\/editor\/wp-content\/uploads\/2024\/02\/cropped-cropped-logolu-150x150.webp","contentUrl":"https:\/\/luchonoticias.com\/editor\/wp-content\/uploads\/2024\/02\/cropped-cropped-logolu-150x150.webp","caption":"Editor General"},"sameAs":["https:\/\/luchonoticias.com\/"],"url":"https:\/\/luchonoticias.com\/editor\/author\/editor-general\/"}]}},"_links":{"self":[{"href":"https:\/\/luchonoticias.com\/editor\/wp-json\/wp\/v2\/posts\/97567","targetHints":{"allow":["GET"]}}],"collection":[{"href":"https:\/\/luchonoticias.com\/editor\/wp-json\/wp\/v2\/posts"}],"about":[{"href":"https:\/\/luchonoticias.com\/editor\/wp-json\/wp\/v2\/types\/post"}],"author":[{"embeddable":true,"href":"https:\/\/luchonoticias.com\/editor\/wp-json\/wp\/v2\/users\/2"}],"replies":[{"embeddable":true,"href":"https:\/\/luchonoticias.com\/editor\/wp-json\/wp\/v2\/comments?post=97567"}],"version-history":[{"count":1,"href":"https:\/\/luchonoticias.com\/editor\/wp-json\/wp\/v2\/posts\/97567\/revisions"}],"predecessor-version":[{"id":97569,"href":"https:\/\/luchonoticias.com\/editor\/wp-json\/wp\/v2\/posts\/97567\/revisions\/97569"}],"wp:featuredmedia":[{"embeddable":true,"href":"https:\/\/luchonoticias.com\/editor\/wp-json\/wp\/v2\/media\/97568"}],"wp:attachment":[{"href":"https:\/\/luchonoticias.com\/editor\/wp-json\/wp\/v2\/media?parent=97567"}],"wp:term":[{"taxonomy":"category","embeddable":true,"href":"https:\/\/luchonoticias.com\/editor\/wp-json\/wp\/v2\/categories?post=97567"},{"taxonomy":"post_tag","embeddable":true,"href":"https:\/\/luchonoticias.com\/editor\/wp-json\/wp\/v2\/tags?post=97567"}],"curies":[{"name":"wp","href":"https:\/\/api.w.org\/{rel}","templated":true}]}}