{"id":97570,"date":"2026-05-02T04:39:44","date_gmt":"2026-05-02T09:39:44","guid":{"rendered":"https:\/\/luchonoticias.com\/editor\/?p=97570"},"modified":"2026-05-02T04:39:45","modified_gmt":"2026-05-02T09:39:45","slug":"fedegan-y-su-llamado-de-atencion-con-proyecto-de-mincomercio","status":"publish","type":"post","link":"https:\/\/luchonoticias.com\/editor\/fedegan-y-su-llamado-de-atencion-con-proyecto-de-mincomercio\/","title":{"rendered":"Fedegan y su llamado de atenci\u00f3n con proyecto de Mincomercio"},"content":{"rendered":"\n<p>La Federaci\u00f3n Colombiana de Ganaderos alert\u00f3 sobre un proyecto de decreto del Ministerio de Comercio Industria y Turismo que busca limitar la exportaci\u00f3n de ganado en pie, al considerar que la iniciativa genera incertidumbre en el sector y podr\u00eda tener problemas de legalidad.<\/p>\n\n\n\n<p>El borrador establece un cupo m\u00e1ximo de 66.700 toros menores de dos a\u00f1os que podr\u00edan exportarse durante seis meses, una medida aplicable a animales clasificados en una subpartida arancelaria espec\u00edfica. En la pr\u00e1ctica, esto implicar\u00eda un tope a las ventas externas de este tipo de ganado.<\/p>\n\n\n\n<p>El presidente ejecutivo del gremio, Jos\u00e9 F\u00e9lix Lafaurie Rivera, sostuvo que Colombia no tendr\u00eda margen para imponer este tipo de restricciones debido a compromisos internacionales vigentes.<\/p>\n\n\n\n<p>Seg\u00fan explic\u00f3, el pa\u00eds incorpor\u00f3 a su legislaci\u00f3n el Acuerdo General sobre Aranceles Aduaneros y Comercio mediante la Ley 170 de 1994, que contempla la eliminaci\u00f3n de restricciones cuantitativas a las exportaciones, incluyendo contingentes o cupos. Bajo esa interpretaci\u00f3n, el l\u00edmite propuesto en el decreto se configurar\u00eda como un contingente de exportaci\u00f3n, figura prohibida por ese acuerdo y que podr\u00eda entrar en conflicto con normas de mayor jerarqu\u00eda en el ordenamiento jur\u00eddico colombiano.<\/p>\n\n\n\n<p>El gremio advirti\u00f3 que, de aprobarse en su forma actual, el decreto podr\u00eda ser demandado y eventualmente anulado en la jurisdicci\u00f3n contencioso administrativa. Tambi\u00e9n se\u00f1al\u00f3 posibles efectos en el \u00e1mbito internacional, como controversias comerciales o eventuales represalias en el marco de la Organizaci\u00f3n Mundial del Comercio.<\/p>\n\n\n\n<p>M\u00e1s all\u00e1 del debate jur\u00eddico, FEDEG\u00c1N indic\u00f3 que una medida de este tipo podr\u00eda impactar al sector ganadero, en un momento en que la exportaci\u00f3n de ganado en pie se ha consolidado como una fuente relevante de ingresos para los productores.<\/p>\n\n\n\n<p><\/p>\n","protected":false},"excerpt":{"rendered":"<p>La Federaci\u00f3n Colombiana de Ganaderos alert\u00f3 sobre un proyecto de decreto del Ministerio de Comercio Industria y Turismo que busca limitar la exportaci\u00f3n de ganado en pie, al considerar que la iniciativa genera incertidumbre en el sector y podr\u00eda tener problemas de legalidad. El borrador establece un cupo m\u00e1ximo de 66.700 toros menores de dos [&hellip;]<\/p>\n","protected":false},"author":2,"featured_media":97571,"comment_status":"closed","ping_status":"open","sticky":false,"template":"","format":"standard","meta":{"footnotes":""},"categories":[28,32],"tags":[],"class_list":["post-97570","post","type-post","status-publish","format-standard","has-post-thumbnail","hentry","category-actualidad","category-nacional"],"yoast_head":"<!-- This site is optimized with the Yoast SEO plugin v26.6 - https:\/\/yoast.com\/wordpress\/plugins\/seo\/ -->\n<title>Fedegan y su llamado de atenci\u00f3n con proyecto de Mincomercio -<\/title>\n<meta name=\"robots\" content=\"index, follow, max-snippet:-1, max-image-preview:large, max-video-preview:-1\" \/>\n<link rel=\"canonical\" href=\"https:\/\/luchonoticias.com\/editor\/fedegan-y-su-llamado-de-atencion-con-proyecto-de-mincomercio\/\" \/>\n<meta property=\"og:locale\" content=\"es_ES\" \/>\n<meta property=\"og:type\" content=\"article\" \/>\n<meta property=\"og:title\" content=\"Fedegan y su llamado de atenci\u00f3n con proyecto de Mincomercio -\" \/>\n<meta property=\"og:url\" content=\"https:\/\/luchonoticias.com\/editor\/fedegan-y-su-llamado-de-atencion-con-proyecto-de-mincomercio\/\" \/>\n<meta property=\"article:publisher\" content=\"https:\/\/www.facebook.com\/luchonoticiasneiva\" \/>\n<meta property=\"article:published_time\" content=\"2026-05-02T09:39:44+00:00\" \/>\n<meta property=\"article:modified_time\" content=\"2026-05-02T09:39:45+00:00\" \/>\n<meta property=\"og:image\" content=\"https:\/\/luchonoticias.com\/editor\/wp-content\/uploads\/2026\/05\/ganado.jpg\" \/>\n\t<meta property=\"og:image:width\" content=\"700\" \/>\n\t<meta property=\"og:image:height\" content=\"400\" \/>\n\t<meta property=\"og:image:type\" content=\"image\/jpeg\" \/>\n<meta name=\"author\" content=\"Editor General\" \/>\n<meta name=\"twitter:card\" content=\"summary_large_image\" \/>\n<meta name=\"twitter:label1\" content=\"Escrito por\" \/>\n\t<meta name=\"twitter:data1\" content=\"Editor General\" \/>\n\t<meta name=\"twitter:label2\" content=\"Tiempo de lectura\" \/>\n\t<meta name=\"twitter:data2\" content=\"2 minutos\" \/>\n<script type=\"application\/ld+json\" class=\"yoast-schema-graph\">{\"@context\":\"https:\/\/schema.org\",\"@graph\":[{\"@type\":\"Article\",\"@id\":\"https:\/\/luchonoticias.com\/editor\/fedegan-y-su-llamado-de-atencion-con-proyecto-de-mincomercio\/#article\",\"isPartOf\":{\"@id\":\"https:\/\/luchonoticias.com\/editor\/fedegan-y-su-llamado-de-atencion-con-proyecto-de-mincomercio\/\"},\"author\":{\"name\":\"Editor General\",\"@id\":\"https:\/\/luchonoticias.com\/editor\/#\/schema\/person\/29217990ddf6f14e35912b2866d591fb\"},\"headline\":\"Fedegan y su llamado de atenci\u00f3n con proyecto de Mincomercio\",\"datePublished\":\"2026-05-02T09:39:44+00:00\",\"dateModified\":\"2026-05-02T09:39:45+00:00\",\"mainEntityOfPage\":{\"@id\":\"https:\/\/luchonoticias.com\/editor\/fedegan-y-su-llamado-de-atencion-con-proyecto-de-mincomercio\/\"},\"wordCount\":315,\"publisher\":{\"@id\":\"https:\/\/luchonoticias.com\/editor\/#\/schema\/person\/7a7fd911f58561fd056dbac7b55af9cd\"},\"image\":{\"@id\":\"https:\/\/luchonoticias.com\/editor\/fedegan-y-su-llamado-de-atencion-con-proyecto-de-mincomercio\/#primaryimage\"},\"thumbnailUrl\":\"https:\/\/luchonoticias.com\/editor\/wp-content\/uploads\/2026\/05\/ganado.jpg\",\"articleSection\":[\"Actualidad\",\"Nacional\"],\"inLanguage\":\"es\"},{\"@type\":\"WebPage\",\"@id\":\"https:\/\/luchonoticias.com\/editor\/fedegan-y-su-llamado-de-atencion-con-proyecto-de-mincomercio\/\",\"url\":\"https:\/\/luchonoticias.com\/editor\/fedegan-y-su-llamado-de-atencion-con-proyecto-de-mincomercio\/\",\"name\":\"Fedegan y su llamado de atenci\u00f3n con proyecto de Mincomercio -\",\"isPartOf\":{\"@id\":\"https:\/\/luchonoticias.com\/editor\/#website\"},\"primaryImageOfPage\":{\"@id\":\"https:\/\/luchonoticias.com\/editor\/fedegan-y-su-llamado-de-atencion-con-proyecto-de-mincomercio\/#primaryimage\"},\"image\":{\"@id\":\"https:\/\/luchonoticias.com\/editor\/fedegan-y-su-llamado-de-atencion-con-proyecto-de-mincomercio\/#primaryimage\"},\"thumbnailUrl\":\"https:\/\/luchonoticias.com\/editor\/wp-content\/uploads\/2026\/05\/ganado.jpg\",\"datePublished\":\"2026-05-02T09:39:44+00:00\",\"dateModified\":\"2026-05-02T09:39:45+00:00\",\"breadcrumb\":{\"@id\":\"https:\/\/luchonoticias.com\/editor\/fedegan-y-su-llamado-de-atencion-con-proyecto-de-mincomercio\/#breadcrumb\"},\"inLanguage\":\"es\",\"potentialAction\":[{\"@type\":\"ReadAction\",\"target\":[\"https:\/\/luchonoticias.com\/editor\/fedegan-y-su-llamado-de-atencion-con-proyecto-de-mincomercio\/\"]}]},{\"@type\":\"ImageObject\",\"inLanguage\":\"es\",\"@id\":\"https:\/\/luchonoticias.com\/editor\/fedegan-y-su-llamado-de-atencion-con-proyecto-de-mincomercio\/#primaryimage\",\"url\":\"https:\/\/luchonoticias.com\/editor\/wp-content\/uploads\/2026\/05\/ganado.jpg\",\"contentUrl\":\"https:\/\/luchonoticias.com\/editor\/wp-content\/uploads\/2026\/05\/ganado.jpg\",\"width\":700,\"height\":400},{\"@type\":\"BreadcrumbList\",\"@id\":\"https:\/\/luchonoticias.com\/editor\/fedegan-y-su-llamado-de-atencion-con-proyecto-de-mincomercio\/#breadcrumb\",\"itemListElement\":[{\"@type\":\"ListItem\",\"position\":1,\"name\":\"Portada\",\"item\":\"https:\/\/luchonoticias.com\/editor\/\"},{\"@type\":\"ListItem\",\"position\":2,\"name\":\"Fedegan y su llamado de atenci\u00f3n con proyecto de Mincomercio\"}]},{\"@type\":\"WebSite\",\"@id\":\"https:\/\/luchonoticias.com\/editor\/#website\",\"url\":\"https:\/\/luchonoticias.com\/editor\/\",\"name\":\"\",\"description\":\"\",\"publisher\":{\"@id\":\"https:\/\/luchonoticias.com\/editor\/#\/schema\/person\/7a7fd911f58561fd056dbac7b55af9cd\"},\"potentialAction\":[{\"@type\":\"SearchAction\",\"target\":{\"@type\":\"EntryPoint\",\"urlTemplate\":\"https:\/\/luchonoticias.com\/editor\/?s={search_term_string}\"},\"query-input\":{\"@type\":\"PropertyValueSpecification\",\"valueRequired\":true,\"valueName\":\"search_term_string\"}}],\"inLanguage\":\"es\"},{\"@type\":[\"Person\",\"Organization\"],\"@id\":\"https:\/\/luchonoticias.com\/editor\/#\/schema\/person\/7a7fd911f58561fd056dbac7b55af9cd\",\"name\":\"admin\",\"image\":{\"@type\":\"ImageObject\",\"inLanguage\":\"es\",\"@id\":\"https:\/\/luchonoticias.com\/editor\/#\/schema\/person\/image\/\",\"url\":\"https:\/\/luchonoticias.com\/editor\/wp-content\/uploads\/2024\/02\/cropped-cropped-logolu.webp\",\"contentUrl\":\"https:\/\/luchonoticias.com\/editor\/wp-content\/uploads\/2024\/02\/cropped-cropped-logolu.webp\",\"width\":382,\"height\":170,\"caption\":\"admin\"},\"logo\":{\"@id\":\"https:\/\/luchonoticias.com\/editor\/#\/schema\/person\/image\/\"},\"sameAs\":[\"https:\/\/www.facebook.com\/luchonoticiasneiva\"]},{\"@type\":\"Person\",\"@id\":\"https:\/\/luchonoticias.com\/editor\/#\/schema\/person\/29217990ddf6f14e35912b2866d591fb\",\"name\":\"Editor General\",\"image\":{\"@type\":\"ImageObject\",\"inLanguage\":\"es\",\"@id\":\"https:\/\/luchonoticias.com\/editor\/#\/schema\/person\/image\/\",\"url\":\"https:\/\/luchonoticias.com\/editor\/wp-content\/uploads\/2024\/02\/cropped-cropped-logolu-150x150.webp\",\"contentUrl\":\"https:\/\/luchonoticias.com\/editor\/wp-content\/uploads\/2024\/02\/cropped-cropped-logolu-150x150.webp\",\"caption\":\"Editor General\"},\"sameAs\":[\"https:\/\/luchonoticias.com\/\"],\"url\":\"https:\/\/luchonoticias.com\/editor\/author\/editor-general\/\"}]}<\/script>\n<!-- \/ Yoast SEO plugin. -->","yoast_head_json":{"title":"Fedegan y su llamado de atenci\u00f3n con proyecto de Mincomercio -","robots":{"index":"index","follow":"follow","max-snippet":"max-snippet:-1","max-image-preview":"max-image-preview:large","max-video-preview":"max-video-preview:-1"},"canonical":"https:\/\/luchonoticias.com\/editor\/fedegan-y-su-llamado-de-atencion-con-proyecto-de-mincomercio\/","og_locale":"es_ES","og_type":"article","og_title":"Fedegan y su llamado de atenci\u00f3n con proyecto de Mincomercio -","og_url":"https:\/\/luchonoticias.com\/editor\/fedegan-y-su-llamado-de-atencion-con-proyecto-de-mincomercio\/","article_publisher":"https:\/\/www.facebook.com\/luchonoticiasneiva","article_published_time":"2026-05-02T09:39:44+00:00","article_modified_time":"2026-05-02T09:39:45+00:00","og_image":[{"width":700,"height":400,"url":"https:\/\/luchonoticias.com\/editor\/wp-content\/uploads\/2026\/05\/ganado.jpg","type":"image\/jpeg"}],"author":"Editor General","twitter_card":"summary_large_image","twitter_misc":{"Escrito por":"Editor General","Tiempo de lectura":"2 minutos"},"schema":{"@context":"https:\/\/schema.org","@graph":[{"@type":"Article","@id":"https:\/\/luchonoticias.com\/editor\/fedegan-y-su-llamado-de-atencion-con-proyecto-de-mincomercio\/#article","isPartOf":{"@id":"https:\/\/luchonoticias.com\/editor\/fedegan-y-su-llamado-de-atencion-con-proyecto-de-mincomercio\/"},"author":{"name":"Editor General","@id":"https:\/\/luchonoticias.com\/editor\/#\/schema\/person\/29217990ddf6f14e35912b2866d591fb"},"headline":"Fedegan y su llamado de atenci\u00f3n con proyecto de Mincomercio","datePublished":"2026-05-02T09:39:44+00:00","dateModified":"2026-05-02T09:39:45+00:00","mainEntityOfPage":{"@id":"https:\/\/luchonoticias.com\/editor\/fedegan-y-su-llamado-de-atencion-con-proyecto-de-mincomercio\/"},"wordCount":315,"publisher":{"@id":"https:\/\/luchonoticias.com\/editor\/#\/schema\/person\/7a7fd911f58561fd056dbac7b55af9cd"},"image":{"@id":"https:\/\/luchonoticias.com\/editor\/fedegan-y-su-llamado-de-atencion-con-proyecto-de-mincomercio\/#primaryimage"},"thumbnailUrl":"https:\/\/luchonoticias.com\/editor\/wp-content\/uploads\/2026\/05\/ganado.jpg","articleSection":["Actualidad","Nacional"],"inLanguage":"es"},{"@type":"WebPage","@id":"https:\/\/luchonoticias.com\/editor\/fedegan-y-su-llamado-de-atencion-con-proyecto-de-mincomercio\/","url":"https:\/\/luchonoticias.com\/editor\/fedegan-y-su-llamado-de-atencion-con-proyecto-de-mincomercio\/","name":"Fedegan y su llamado de atenci\u00f3n con proyecto de Mincomercio -","isPartOf":{"@id":"https:\/\/luchonoticias.com\/editor\/#website"},"primaryImageOfPage":{"@id":"https:\/\/luchonoticias.com\/editor\/fedegan-y-su-llamado-de-atencion-con-proyecto-de-mincomercio\/#primaryimage"},"image":{"@id":"https:\/\/luchonoticias.com\/editor\/fedegan-y-su-llamado-de-atencion-con-proyecto-de-mincomercio\/#primaryimage"},"thumbnailUrl":"https:\/\/luchonoticias.com\/editor\/wp-content\/uploads\/2026\/05\/ganado.jpg","datePublished":"2026-05-02T09:39:44+00:00","dateModified":"2026-05-02T09:39:45+00:00","breadcrumb":{"@id":"https:\/\/luchonoticias.com\/editor\/fedegan-y-su-llamado-de-atencion-con-proyecto-de-mincomercio\/#breadcrumb"},"inLanguage":"es","potentialAction":[{"@type":"ReadAction","target":["https:\/\/luchonoticias.com\/editor\/fedegan-y-su-llamado-de-atencion-con-proyecto-de-mincomercio\/"]}]},{"@type":"ImageObject","inLanguage":"es","@id":"https:\/\/luchonoticias.com\/editor\/fedegan-y-su-llamado-de-atencion-con-proyecto-de-mincomercio\/#primaryimage","url":"https:\/\/luchonoticias.com\/editor\/wp-content\/uploads\/2026\/05\/ganado.jpg","contentUrl":"https:\/\/luchonoticias.com\/editor\/wp-content\/uploads\/2026\/05\/ganado.jpg","width":700,"height":400},{"@type":"BreadcrumbList","@id":"https:\/\/luchonoticias.com\/editor\/fedegan-y-su-llamado-de-atencion-con-proyecto-de-mincomercio\/#breadcrumb","itemListElement":[{"@type":"ListItem","position":1,"name":"Portada","item":"https:\/\/luchonoticias.com\/editor\/"},{"@type":"ListItem","position":2,"name":"Fedegan y su llamado de atenci\u00f3n con proyecto de Mincomercio"}]},{"@type":"WebSite","@id":"https:\/\/luchonoticias.com\/editor\/#website","url":"https:\/\/luchonoticias.com\/editor\/","name":"","description":"","publisher":{"@id":"https:\/\/luchonoticias.com\/editor\/#\/schema\/person\/7a7fd911f58561fd056dbac7b55af9cd"},"potentialAction":[{"@type":"SearchAction","target":{"@type":"EntryPoint","urlTemplate":"https:\/\/luchonoticias.com\/editor\/?s={search_term_string}"},"query-input":{"@type":"PropertyValueSpecification","valueRequired":true,"valueName":"search_term_string"}}],"inLanguage":"es"},{"@type":["Person","Organization"],"@id":"https:\/\/luchonoticias.com\/editor\/#\/schema\/person\/7a7fd911f58561fd056dbac7b55af9cd","name":"admin","image":{"@type":"ImageObject","inLanguage":"es","@id":"https:\/\/luchonoticias.com\/editor\/#\/schema\/person\/image\/","url":"https:\/\/luchonoticias.com\/editor\/wp-content\/uploads\/2024\/02\/cropped-cropped-logolu.webp","contentUrl":"https:\/\/luchonoticias.com\/editor\/wp-content\/uploads\/2024\/02\/cropped-cropped-logolu.webp","width":382,"height":170,"caption":"admin"},"logo":{"@id":"https:\/\/luchonoticias.com\/editor\/#\/schema\/person\/image\/"},"sameAs":["https:\/\/www.facebook.com\/luchonoticiasneiva"]},{"@type":"Person","@id":"https:\/\/luchonoticias.com\/editor\/#\/schema\/person\/29217990ddf6f14e35912b2866d591fb","name":"Editor General","image":{"@type":"ImageObject","inLanguage":"es","@id":"https:\/\/luchonoticias.com\/editor\/#\/schema\/person\/image\/","url":"https:\/\/luchonoticias.com\/editor\/wp-content\/uploads\/2024\/02\/cropped-cropped-logolu-150x150.webp","contentUrl":"https:\/\/luchonoticias.com\/editor\/wp-content\/uploads\/2024\/02\/cropped-cropped-logolu-150x150.webp","caption":"Editor General"},"sameAs":["https:\/\/luchonoticias.com\/"],"url":"https:\/\/luchonoticias.com\/editor\/author\/editor-general\/"}]}},"_links":{"self":[{"href":"https:\/\/luchonoticias.com\/editor\/wp-json\/wp\/v2\/posts\/97570","targetHints":{"allow":["GET"]}}],"collection":[{"href":"https:\/\/luchonoticias.com\/editor\/wp-json\/wp\/v2\/posts"}],"about":[{"href":"https:\/\/luchonoticias.com\/editor\/wp-json\/wp\/v2\/types\/post"}],"author":[{"embeddable":true,"href":"https:\/\/luchonoticias.com\/editor\/wp-json\/wp\/v2\/users\/2"}],"replies":[{"embeddable":true,"href":"https:\/\/luchonoticias.com\/editor\/wp-json\/wp\/v2\/comments?post=97570"}],"version-history":[{"count":1,"href":"https:\/\/luchonoticias.com\/editor\/wp-json\/wp\/v2\/posts\/97570\/revisions"}],"predecessor-version":[{"id":97572,"href":"https:\/\/luchonoticias.com\/editor\/wp-json\/wp\/v2\/posts\/97570\/revisions\/97572"}],"wp:featuredmedia":[{"embeddable":true,"href":"https:\/\/luchonoticias.com\/editor\/wp-json\/wp\/v2\/media\/97571"}],"wp:attachment":[{"href":"https:\/\/luchonoticias.com\/editor\/wp-json\/wp\/v2\/media?parent=97570"}],"wp:term":[{"taxonomy":"category","embeddable":true,"href":"https:\/\/luchonoticias.com\/editor\/wp-json\/wp\/v2\/categories?post=97570"},{"taxonomy":"post_tag","embeddable":true,"href":"https:\/\/luchonoticias.com\/editor\/wp-json\/wp\/v2\/tags?post=97570"}],"curies":[{"name":"wp","href":"https:\/\/api.w.org\/{rel}","templated":true}]}}