{"id":97573,"date":"2026-05-02T04:46:52","date_gmt":"2026-05-02T09:46:52","guid":{"rendered":"https:\/\/luchonoticias.com\/editor\/?p=97573"},"modified":"2026-05-02T04:46:53","modified_gmt":"2026-05-02T09:46:53","slug":"admitidas-demandas-contra-dos-congresistas","status":"publish","type":"post","link":"https:\/\/luchonoticias.com\/editor\/admitidas-demandas-contra-dos-congresistas\/","title":{"rendered":"Admitidas demandas contra dos congresistas"},"content":{"rendered":"\n<p>El Consejo de Estado de Colombia admiti\u00f3 una demanda que solicita la p\u00e9rdida de investidura del congresista Germ\u00e1n Rogelio Rozo An\u00eds, del Partido Liberal Colombiano, reelegido por el departamento de Arauca para el per\u00edodo 2026-2030.<\/p>\n\n\n\n<p>Seg\u00fan el recurso, Rozo An\u00eds habr\u00eda incurrido en presunto tr\u00e1fico de influencias e indebida destinaci\u00f3n de recursos p\u00fablicos. La solicitud fue presentada por el activista Dumar Eliecer Blanco Ruiz, quien cumpli\u00f3 con los requisitos para iniciar el tr\u00e1mite, lo que permiti\u00f3 que el caso fuera admitido para estudio en la Secci\u00f3n Quinta.<\/p>\n\n\n\n<p>El proceso corresponde a una fase inicial, por lo que a\u00fan no existe un fallo de fondo. Se trata, adem\u00e1s, de la segunda demanda relacionada con representantes electos por Arauca.<\/p>\n\n\n\n<p>La otra acci\u00f3n judicial fue interpuesta por Jos\u00e9 Trinidad Sierra Sierra, excandidato de la lista liberal, quien reclama que la segunda curul del departamento le sea asignada a \u00e9l y no a Manuel Alexander P\u00e9rez Rueda, del Centro Democr\u00e1tico.<\/p>\n\n\n\n<p>En este caso, el alto tribunal, bajo la ponencia del magistrado Pedro Pablo Vanegas Gil, tambi\u00e9n decidi\u00f3 dar tr\u00e1mite a la demanda que cuestiona la legalidad de la elecci\u00f3n de P\u00e9rez Rueda para el per\u00edodo legislativo que inicia el 20 de julio de 2026.<\/p>\n\n\n\n<p>La controversia se centra en la forma en que fueron asignadas las curules tras las elecciones legislativas de marzo. El demandante sostiene que la Comisi\u00f3n Escrutadora Departamental aplic\u00f3 un mecanismo que no se ajusta al modelo constitucional vigente.<\/p>\n\n\n\n<p>El debate radica en que, aunque el liberalismo obtuvo una mayor votaci\u00f3n, no necesariamente le corresponder\u00edan ambas curules, dado que en departamentos como Arauca, donde se eligen solo dos representantes, uno de los esca\u00f1os se asigna mediante el cuociente electoral para garantizar la representaci\u00f3n de fuerzas minoritarias y evitar la concentraci\u00f3n del poder pol\u00edtico.<\/p>\n\n\n\n<p><\/p>\n","protected":false},"excerpt":{"rendered":"<p>El Consejo de Estado de Colombia admiti\u00f3 una demanda que solicita la p\u00e9rdida de investidura del congresista Germ\u00e1n Rogelio Rozo An\u00eds, del Partido Liberal Colombiano, reelegido por el departamento de Arauca para el per\u00edodo 2026-2030. Seg\u00fan el recurso, Rozo An\u00eds habr\u00eda incurrido en presunto tr\u00e1fico de influencias e indebida destinaci\u00f3n de recursos p\u00fablicos. La solicitud [&hellip;]<\/p>\n","protected":false},"author":2,"featured_media":97574,"comment_status":"closed","ping_status":"open","sticky":false,"template":"","format":"standard","meta":{"footnotes":""},"categories":[28,32],"tags":[],"class_list":["post-97573","post","type-post","status-publish","format-standard","has-post-thumbnail","hentry","category-actualidad","category-nacional"],"yoast_head":"<!-- This site is optimized with the Yoast SEO plugin v26.6 - https:\/\/yoast.com\/wordpress\/plugins\/seo\/ -->\n<title>Admitidas demandas contra dos congresistas -<\/title>\n<meta name=\"robots\" content=\"index, follow, max-snippet:-1, max-image-preview:large, max-video-preview:-1\" \/>\n<link rel=\"canonical\" href=\"https:\/\/luchonoticias.com\/editor\/admitidas-demandas-contra-dos-congresistas\/\" \/>\n<meta property=\"og:locale\" content=\"es_ES\" \/>\n<meta property=\"og:type\" content=\"article\" \/>\n<meta property=\"og:title\" content=\"Admitidas demandas contra dos congresistas -\" \/>\n<meta property=\"og:url\" content=\"https:\/\/luchonoticias.com\/editor\/admitidas-demandas-contra-dos-congresistas\/\" \/>\n<meta property=\"article:publisher\" content=\"https:\/\/www.facebook.com\/luchonoticiasneiva\" \/>\n<meta property=\"article:published_time\" content=\"2026-05-02T09:46:52+00:00\" \/>\n<meta property=\"article:modified_time\" content=\"2026-05-02T09:46:53+00:00\" \/>\n<meta property=\"og:image\" content=\"https:\/\/luchonoticias.com\/editor\/wp-content\/uploads\/2026\/05\/consejo-de-estado.jpg\" \/>\n\t<meta property=\"og:image:width\" content=\"700\" \/>\n\t<meta property=\"og:image:height\" content=\"400\" \/>\n\t<meta property=\"og:image:type\" content=\"image\/jpeg\" \/>\n<meta name=\"author\" content=\"Editor General\" \/>\n<meta name=\"twitter:card\" content=\"summary_large_image\" \/>\n<meta name=\"twitter:label1\" content=\"Escrito por\" \/>\n\t<meta name=\"twitter:data1\" content=\"Editor General\" \/>\n\t<meta name=\"twitter:label2\" content=\"Tiempo de lectura\" \/>\n\t<meta name=\"twitter:data2\" content=\"2 minutos\" \/>\n<script type=\"application\/ld+json\" class=\"yoast-schema-graph\">{\"@context\":\"https:\/\/schema.org\",\"@graph\":[{\"@type\":\"Article\",\"@id\":\"https:\/\/luchonoticias.com\/editor\/admitidas-demandas-contra-dos-congresistas\/#article\",\"isPartOf\":{\"@id\":\"https:\/\/luchonoticias.com\/editor\/admitidas-demandas-contra-dos-congresistas\/\"},\"author\":{\"name\":\"Editor General\",\"@id\":\"https:\/\/luchonoticias.com\/editor\/#\/schema\/person\/29217990ddf6f14e35912b2866d591fb\"},\"headline\":\"Admitidas demandas contra dos congresistas\",\"datePublished\":\"2026-05-02T09:46:52+00:00\",\"dateModified\":\"2026-05-02T09:46:53+00:00\",\"mainEntityOfPage\":{\"@id\":\"https:\/\/luchonoticias.com\/editor\/admitidas-demandas-contra-dos-congresistas\/\"},\"wordCount\":324,\"publisher\":{\"@id\":\"https:\/\/luchonoticias.com\/editor\/#\/schema\/person\/7a7fd911f58561fd056dbac7b55af9cd\"},\"image\":{\"@id\":\"https:\/\/luchonoticias.com\/editor\/admitidas-demandas-contra-dos-congresistas\/#primaryimage\"},\"thumbnailUrl\":\"https:\/\/luchonoticias.com\/editor\/wp-content\/uploads\/2026\/05\/consejo-de-estado.jpg\",\"articleSection\":[\"Actualidad\",\"Nacional\"],\"inLanguage\":\"es\"},{\"@type\":\"WebPage\",\"@id\":\"https:\/\/luchonoticias.com\/editor\/admitidas-demandas-contra-dos-congresistas\/\",\"url\":\"https:\/\/luchonoticias.com\/editor\/admitidas-demandas-contra-dos-congresistas\/\",\"name\":\"Admitidas demandas contra dos congresistas -\",\"isPartOf\":{\"@id\":\"https:\/\/luchonoticias.com\/editor\/#website\"},\"primaryImageOfPage\":{\"@id\":\"https:\/\/luchonoticias.com\/editor\/admitidas-demandas-contra-dos-congresistas\/#primaryimage\"},\"image\":{\"@id\":\"https:\/\/luchonoticias.com\/editor\/admitidas-demandas-contra-dos-congresistas\/#primaryimage\"},\"thumbnailUrl\":\"https:\/\/luchonoticias.com\/editor\/wp-content\/uploads\/2026\/05\/consejo-de-estado.jpg\",\"datePublished\":\"2026-05-02T09:46:52+00:00\",\"dateModified\":\"2026-05-02T09:46:53+00:00\",\"breadcrumb\":{\"@id\":\"https:\/\/luchonoticias.com\/editor\/admitidas-demandas-contra-dos-congresistas\/#breadcrumb\"},\"inLanguage\":\"es\",\"potentialAction\":[{\"@type\":\"ReadAction\",\"target\":[\"https:\/\/luchonoticias.com\/editor\/admitidas-demandas-contra-dos-congresistas\/\"]}]},{\"@type\":\"ImageObject\",\"inLanguage\":\"es\",\"@id\":\"https:\/\/luchonoticias.com\/editor\/admitidas-demandas-contra-dos-congresistas\/#primaryimage\",\"url\":\"https:\/\/luchonoticias.com\/editor\/wp-content\/uploads\/2026\/05\/consejo-de-estado.jpg\",\"contentUrl\":\"https:\/\/luchonoticias.com\/editor\/wp-content\/uploads\/2026\/05\/consejo-de-estado.jpg\",\"width\":700,\"height\":400},{\"@type\":\"BreadcrumbList\",\"@id\":\"https:\/\/luchonoticias.com\/editor\/admitidas-demandas-contra-dos-congresistas\/#breadcrumb\",\"itemListElement\":[{\"@type\":\"ListItem\",\"position\":1,\"name\":\"Portada\",\"item\":\"https:\/\/luchonoticias.com\/editor\/\"},{\"@type\":\"ListItem\",\"position\":2,\"name\":\"Admitidas demandas contra dos congresistas\"}]},{\"@type\":\"WebSite\",\"@id\":\"https:\/\/luchonoticias.com\/editor\/#website\",\"url\":\"https:\/\/luchonoticias.com\/editor\/\",\"name\":\"\",\"description\":\"\",\"publisher\":{\"@id\":\"https:\/\/luchonoticias.com\/editor\/#\/schema\/person\/7a7fd911f58561fd056dbac7b55af9cd\"},\"potentialAction\":[{\"@type\":\"SearchAction\",\"target\":{\"@type\":\"EntryPoint\",\"urlTemplate\":\"https:\/\/luchonoticias.com\/editor\/?s={search_term_string}\"},\"query-input\":{\"@type\":\"PropertyValueSpecification\",\"valueRequired\":true,\"valueName\":\"search_term_string\"}}],\"inLanguage\":\"es\"},{\"@type\":[\"Person\",\"Organization\"],\"@id\":\"https:\/\/luchonoticias.com\/editor\/#\/schema\/person\/7a7fd911f58561fd056dbac7b55af9cd\",\"name\":\"admin\",\"image\":{\"@type\":\"ImageObject\",\"inLanguage\":\"es\",\"@id\":\"https:\/\/luchonoticias.com\/editor\/#\/schema\/person\/image\/\",\"url\":\"https:\/\/luchonoticias.com\/editor\/wp-content\/uploads\/2024\/02\/cropped-cropped-logolu.webp\",\"contentUrl\":\"https:\/\/luchonoticias.com\/editor\/wp-content\/uploads\/2024\/02\/cropped-cropped-logolu.webp\",\"width\":382,\"height\":170,\"caption\":\"admin\"},\"logo\":{\"@id\":\"https:\/\/luchonoticias.com\/editor\/#\/schema\/person\/image\/\"},\"sameAs\":[\"https:\/\/www.facebook.com\/luchonoticiasneiva\"]},{\"@type\":\"Person\",\"@id\":\"https:\/\/luchonoticias.com\/editor\/#\/schema\/person\/29217990ddf6f14e35912b2866d591fb\",\"name\":\"Editor General\",\"image\":{\"@type\":\"ImageObject\",\"inLanguage\":\"es\",\"@id\":\"https:\/\/luchonoticias.com\/editor\/#\/schema\/person\/image\/\",\"url\":\"https:\/\/luchonoticias.com\/editor\/wp-content\/uploads\/2024\/02\/cropped-cropped-logolu-150x150.webp\",\"contentUrl\":\"https:\/\/luchonoticias.com\/editor\/wp-content\/uploads\/2024\/02\/cropped-cropped-logolu-150x150.webp\",\"caption\":\"Editor General\"},\"sameAs\":[\"https:\/\/luchonoticias.com\/\"],\"url\":\"https:\/\/luchonoticias.com\/editor\/author\/editor-general\/\"}]}<\/script>\n<!-- \/ Yoast SEO plugin. -->","yoast_head_json":{"title":"Admitidas demandas contra dos congresistas -","robots":{"index":"index","follow":"follow","max-snippet":"max-snippet:-1","max-image-preview":"max-image-preview:large","max-video-preview":"max-video-preview:-1"},"canonical":"https:\/\/luchonoticias.com\/editor\/admitidas-demandas-contra-dos-congresistas\/","og_locale":"es_ES","og_type":"article","og_title":"Admitidas demandas contra dos congresistas -","og_url":"https:\/\/luchonoticias.com\/editor\/admitidas-demandas-contra-dos-congresistas\/","article_publisher":"https:\/\/www.facebook.com\/luchonoticiasneiva","article_published_time":"2026-05-02T09:46:52+00:00","article_modified_time":"2026-05-02T09:46:53+00:00","og_image":[{"width":700,"height":400,"url":"https:\/\/luchonoticias.com\/editor\/wp-content\/uploads\/2026\/05\/consejo-de-estado.jpg","type":"image\/jpeg"}],"author":"Editor General","twitter_card":"summary_large_image","twitter_misc":{"Escrito por":"Editor General","Tiempo de lectura":"2 minutos"},"schema":{"@context":"https:\/\/schema.org","@graph":[{"@type":"Article","@id":"https:\/\/luchonoticias.com\/editor\/admitidas-demandas-contra-dos-congresistas\/#article","isPartOf":{"@id":"https:\/\/luchonoticias.com\/editor\/admitidas-demandas-contra-dos-congresistas\/"},"author":{"name":"Editor General","@id":"https:\/\/luchonoticias.com\/editor\/#\/schema\/person\/29217990ddf6f14e35912b2866d591fb"},"headline":"Admitidas demandas contra dos congresistas","datePublished":"2026-05-02T09:46:52+00:00","dateModified":"2026-05-02T09:46:53+00:00","mainEntityOfPage":{"@id":"https:\/\/luchonoticias.com\/editor\/admitidas-demandas-contra-dos-congresistas\/"},"wordCount":324,"publisher":{"@id":"https:\/\/luchonoticias.com\/editor\/#\/schema\/person\/7a7fd911f58561fd056dbac7b55af9cd"},"image":{"@id":"https:\/\/luchonoticias.com\/editor\/admitidas-demandas-contra-dos-congresistas\/#primaryimage"},"thumbnailUrl":"https:\/\/luchonoticias.com\/editor\/wp-content\/uploads\/2026\/05\/consejo-de-estado.jpg","articleSection":["Actualidad","Nacional"],"inLanguage":"es"},{"@type":"WebPage","@id":"https:\/\/luchonoticias.com\/editor\/admitidas-demandas-contra-dos-congresistas\/","url":"https:\/\/luchonoticias.com\/editor\/admitidas-demandas-contra-dos-congresistas\/","name":"Admitidas demandas contra dos congresistas -","isPartOf":{"@id":"https:\/\/luchonoticias.com\/editor\/#website"},"primaryImageOfPage":{"@id":"https:\/\/luchonoticias.com\/editor\/admitidas-demandas-contra-dos-congresistas\/#primaryimage"},"image":{"@id":"https:\/\/luchonoticias.com\/editor\/admitidas-demandas-contra-dos-congresistas\/#primaryimage"},"thumbnailUrl":"https:\/\/luchonoticias.com\/editor\/wp-content\/uploads\/2026\/05\/consejo-de-estado.jpg","datePublished":"2026-05-02T09:46:52+00:00","dateModified":"2026-05-02T09:46:53+00:00","breadcrumb":{"@id":"https:\/\/luchonoticias.com\/editor\/admitidas-demandas-contra-dos-congresistas\/#breadcrumb"},"inLanguage":"es","potentialAction":[{"@type":"ReadAction","target":["https:\/\/luchonoticias.com\/editor\/admitidas-demandas-contra-dos-congresistas\/"]}]},{"@type":"ImageObject","inLanguage":"es","@id":"https:\/\/luchonoticias.com\/editor\/admitidas-demandas-contra-dos-congresistas\/#primaryimage","url":"https:\/\/luchonoticias.com\/editor\/wp-content\/uploads\/2026\/05\/consejo-de-estado.jpg","contentUrl":"https:\/\/luchonoticias.com\/editor\/wp-content\/uploads\/2026\/05\/consejo-de-estado.jpg","width":700,"height":400},{"@type":"BreadcrumbList","@id":"https:\/\/luchonoticias.com\/editor\/admitidas-demandas-contra-dos-congresistas\/#breadcrumb","itemListElement":[{"@type":"ListItem","position":1,"name":"Portada","item":"https:\/\/luchonoticias.com\/editor\/"},{"@type":"ListItem","position":2,"name":"Admitidas demandas contra dos congresistas"}]},{"@type":"WebSite","@id":"https:\/\/luchonoticias.com\/editor\/#website","url":"https:\/\/luchonoticias.com\/editor\/","name":"","description":"","publisher":{"@id":"https:\/\/luchonoticias.com\/editor\/#\/schema\/person\/7a7fd911f58561fd056dbac7b55af9cd"},"potentialAction":[{"@type":"SearchAction","target":{"@type":"EntryPoint","urlTemplate":"https:\/\/luchonoticias.com\/editor\/?s={search_term_string}"},"query-input":{"@type":"PropertyValueSpecification","valueRequired":true,"valueName":"search_term_string"}}],"inLanguage":"es"},{"@type":["Person","Organization"],"@id":"https:\/\/luchonoticias.com\/editor\/#\/schema\/person\/7a7fd911f58561fd056dbac7b55af9cd","name":"admin","image":{"@type":"ImageObject","inLanguage":"es","@id":"https:\/\/luchonoticias.com\/editor\/#\/schema\/person\/image\/","url":"https:\/\/luchonoticias.com\/editor\/wp-content\/uploads\/2024\/02\/cropped-cropped-logolu.webp","contentUrl":"https:\/\/luchonoticias.com\/editor\/wp-content\/uploads\/2024\/02\/cropped-cropped-logolu.webp","width":382,"height":170,"caption":"admin"},"logo":{"@id":"https:\/\/luchonoticias.com\/editor\/#\/schema\/person\/image\/"},"sameAs":["https:\/\/www.facebook.com\/luchonoticiasneiva"]},{"@type":"Person","@id":"https:\/\/luchonoticias.com\/editor\/#\/schema\/person\/29217990ddf6f14e35912b2866d591fb","name":"Editor General","image":{"@type":"ImageObject","inLanguage":"es","@id":"https:\/\/luchonoticias.com\/editor\/#\/schema\/person\/image\/","url":"https:\/\/luchonoticias.com\/editor\/wp-content\/uploads\/2024\/02\/cropped-cropped-logolu-150x150.webp","contentUrl":"https:\/\/luchonoticias.com\/editor\/wp-content\/uploads\/2024\/02\/cropped-cropped-logolu-150x150.webp","caption":"Editor General"},"sameAs":["https:\/\/luchonoticias.com\/"],"url":"https:\/\/luchonoticias.com\/editor\/author\/editor-general\/"}]}},"_links":{"self":[{"href":"https:\/\/luchonoticias.com\/editor\/wp-json\/wp\/v2\/posts\/97573","targetHints":{"allow":["GET"]}}],"collection":[{"href":"https:\/\/luchonoticias.com\/editor\/wp-json\/wp\/v2\/posts"}],"about":[{"href":"https:\/\/luchonoticias.com\/editor\/wp-json\/wp\/v2\/types\/post"}],"author":[{"embeddable":true,"href":"https:\/\/luchonoticias.com\/editor\/wp-json\/wp\/v2\/users\/2"}],"replies":[{"embeddable":true,"href":"https:\/\/luchonoticias.com\/editor\/wp-json\/wp\/v2\/comments?post=97573"}],"version-history":[{"count":1,"href":"https:\/\/luchonoticias.com\/editor\/wp-json\/wp\/v2\/posts\/97573\/revisions"}],"predecessor-version":[{"id":97575,"href":"https:\/\/luchonoticias.com\/editor\/wp-json\/wp\/v2\/posts\/97573\/revisions\/97575"}],"wp:featuredmedia":[{"embeddable":true,"href":"https:\/\/luchonoticias.com\/editor\/wp-json\/wp\/v2\/media\/97574"}],"wp:attachment":[{"href":"https:\/\/luchonoticias.com\/editor\/wp-json\/wp\/v2\/media?parent=97573"}],"wp:term":[{"taxonomy":"category","embeddable":true,"href":"https:\/\/luchonoticias.com\/editor\/wp-json\/wp\/v2\/categories?post=97573"},{"taxonomy":"post_tag","embeddable":true,"href":"https:\/\/luchonoticias.com\/editor\/wp-json\/wp\/v2\/tags?post=97573"}],"curies":[{"name":"wp","href":"https:\/\/api.w.org\/{rel}","templated":true}]}}