{"id":97576,"date":"2026-05-02T07:46:34","date_gmt":"2026-05-02T12:46:34","guid":{"rendered":"https:\/\/luchonoticias.com\/editor\/?p=97576"},"modified":"2026-05-02T07:46:35","modified_gmt":"2026-05-02T12:46:35","slug":"critica-del-sector-transporte-al-ministerio","status":"publish","type":"post","link":"https:\/\/luchonoticias.com\/editor\/critica-del-sector-transporte-al-ministerio\/","title":{"rendered":"Cr\u00edtica del sector transporte al Ministerio"},"content":{"rendered":"\n<p>La entrada en vigencia de una nueva resoluci\u00f3n del Ministerio de Transporte sobre veh\u00edculos y transporte de carga despert\u00f3 la cr\u00edtica de la Asociaci\u00f3n Gremial de Concesionarios de Automotores (Aconauto), que asegur\u00f3 que la medida introduce restricciones que afectan el acceso al mercado y alteran su funcionamiento. El gremio sostiene que los cambios al reglamento del sector impactan directamente la din\u00e1mica de renovaci\u00f3n del parque automotor de carga, as\u00ed como las condiciones de entrada de nuevos veh\u00edculos al pa\u00eds.<\/p>\n\n\n\n<p>De acuerdo con el pronunciamiento de Aconauto, uno de los puntos centrales es la obligaci\u00f3n de realizar aportes al Fondo para la Promoci\u00f3n de Ascenso Tecnol\u00f3gico (FOPAT) como requisito para matricular veh\u00edculos nuevos. La organizaci\u00f3n afirma que esta condici\u00f3n podr\u00eda desacelerar el proceso de modernizaci\u00f3n del parque automotor, al exigir un pago equivalente al 25 % del valor del veh\u00edculo para acceder a la matr\u00edcula. Adem\u00e1s, cuestiona que la medida se justifique en la formalizaci\u00f3n de transportadores, al considerar que esa responsabilidad no deber\u00eda trasladarse al conjunto de actores del mercado.<\/p>\n\n\n\n<p>El gremio advierte que las nuevas condiciones podr\u00edan generar distorsiones tanto en la oferta como en la demanda de veh\u00edculos de carga, con efectos como restricciones para el ingreso de unidades nuevas, un posible encarecimiento de los procesos de matr\u00edcula y alteraciones en los precios. Tambi\u00e9n menciona riesgos asociados a esquemas ya utilizados en el pasado, como el mecanismo de reposici\u00f3n, que implica retirar un veh\u00edculo antiguo para permitir el ingreso de uno nuevo y que, seg\u00fan su evaluaci\u00f3n, gener\u00f3 efectos negativos en experiencias anteriores.<\/p>\n\n\n\n<p>En su comunicaci\u00f3n oficial, el Ministerio de Transporte se\u00f1al\u00f3 que la reglamentaci\u00f3n busca impactar positivamente al sector log\u00edstico del pa\u00eds y fortalecer un segmento estrat\u00e9gico encargado de movilizar mercanc\u00edas y garantizar el abastecimiento en distintas regiones. La entidad explic\u00f3 que el ingreso de nuevos veh\u00edculos podr\u00e1 realizarse mediante esquemas como la reposici\u00f3n y la posibilidad de cambiar el servicio de veh\u00edculos de uso particular a p\u00fablico.<\/p>\n\n\n\n<p>Aconauto tambi\u00e9n manifest\u00f3 preocupaciones sobre la implementaci\u00f3n de los cambios en el servicio de los veh\u00edculos, al considerar que la normativa no detalla completamente las condiciones para este proceso, lo que podr\u00eda generar incertidumbre. Asimismo, advirti\u00f3 que limitar el ingreso de nuevas unidades podr\u00eda afectar la eficiencia del sistema log\u00edstico, as\u00ed como aspectos relacionados con la seguridad y la competitividad del sector transporte.<\/p>\n\n\n\n<p>El pronunciamiento del gremio incluy\u00f3 cr\u00edticas directas a la medida y a sus posibles consecuencias. El presidente ejecutivo de Aconauto, Pedro Nel Quijano, afirm\u00f3: \u00abEn la mentalidad retorcida del presidente Petro, la inversi\u00f3n en v\u00edas est\u00e1 proscrita porque -dice \u00e9l- que son para los ricos que tienen carro. Con esa premisa, en Colombia no hay pobreza porque entre veh\u00edculos y motos hay 22 millones de ricos\u00bb.<\/p>\n\n\n\n<p><\/p>\n","protected":false},"excerpt":{"rendered":"<p>La entrada en vigencia de una nueva resoluci\u00f3n del Ministerio de Transporte sobre veh\u00edculos y transporte de carga despert\u00f3 la cr\u00edtica de la Asociaci\u00f3n Gremial de Concesionarios de Automotores (Aconauto), que asegur\u00f3 que la medida introduce restricciones que afectan el acceso al mercado y alteran su funcionamiento. El gremio sostiene que los cambios al reglamento [&hellip;]<\/p>\n","protected":false},"author":2,"featured_media":77430,"comment_status":"closed","ping_status":"open","sticky":false,"template":"","format":"standard","meta":{"footnotes":""},"categories":[28,32],"tags":[],"class_list":["post-97576","post","type-post","status-publish","format-standard","has-post-thumbnail","hentry","category-actualidad","category-nacional"],"yoast_head":"<!-- This site is optimized with the Yoast SEO plugin v26.6 - https:\/\/yoast.com\/wordpress\/plugins\/seo\/ -->\n<title>Cr\u00edtica del sector transporte al Ministerio -<\/title>\n<meta name=\"robots\" content=\"index, follow, max-snippet:-1, max-image-preview:large, max-video-preview:-1\" \/>\n<link rel=\"canonical\" href=\"https:\/\/luchonoticias.com\/editor\/critica-del-sector-transporte-al-ministerio\/\" \/>\n<meta property=\"og:locale\" content=\"es_ES\" \/>\n<meta property=\"og:type\" content=\"article\" \/>\n<meta property=\"og:title\" content=\"Cr\u00edtica del sector transporte al Ministerio -\" \/>\n<meta property=\"og:url\" content=\"https:\/\/luchonoticias.com\/editor\/critica-del-sector-transporte-al-ministerio\/\" \/>\n<meta property=\"article:publisher\" content=\"https:\/\/www.facebook.com\/luchonoticiasneiva\" \/>\n<meta property=\"article:published_time\" content=\"2026-05-02T12:46:34+00:00\" \/>\n<meta property=\"article:modified_time\" content=\"2026-05-02T12:46:35+00:00\" \/>\n<meta property=\"og:image\" content=\"https:\/\/luchonoticias.com\/editor\/wp-content\/uploads\/2024\/09\/TRANSPORTE-DE-CARGA.jpg\" \/>\n\t<meta property=\"og:image:width\" content=\"700\" \/>\n\t<meta property=\"og:image:height\" content=\"400\" \/>\n\t<meta property=\"og:image:type\" content=\"image\/jpeg\" \/>\n<meta name=\"author\" content=\"Editor General\" \/>\n<meta name=\"twitter:card\" content=\"summary_large_image\" \/>\n<meta name=\"twitter:label1\" content=\"Escrito por\" \/>\n\t<meta name=\"twitter:data1\" content=\"Editor General\" \/>\n\t<meta name=\"twitter:label2\" content=\"Tiempo de lectura\" \/>\n\t<meta name=\"twitter:data2\" content=\"3 minutos\" \/>\n<script type=\"application\/ld+json\" class=\"yoast-schema-graph\">{\"@context\":\"https:\/\/schema.org\",\"@graph\":[{\"@type\":\"Article\",\"@id\":\"https:\/\/luchonoticias.com\/editor\/critica-del-sector-transporte-al-ministerio\/#article\",\"isPartOf\":{\"@id\":\"https:\/\/luchonoticias.com\/editor\/critica-del-sector-transporte-al-ministerio\/\"},\"author\":{\"name\":\"Editor General\",\"@id\":\"https:\/\/luchonoticias.com\/editor\/#\/schema\/person\/29217990ddf6f14e35912b2866d591fb\"},\"headline\":\"Cr\u00edtica del sector transporte al Ministerio\",\"datePublished\":\"2026-05-02T12:46:34+00:00\",\"dateModified\":\"2026-05-02T12:46:35+00:00\",\"mainEntityOfPage\":{\"@id\":\"https:\/\/luchonoticias.com\/editor\/critica-del-sector-transporte-al-ministerio\/\"},\"wordCount\":504,\"publisher\":{\"@id\":\"https:\/\/luchonoticias.com\/editor\/#\/schema\/person\/7a7fd911f58561fd056dbac7b55af9cd\"},\"image\":{\"@id\":\"https:\/\/luchonoticias.com\/editor\/critica-del-sector-transporte-al-ministerio\/#primaryimage\"},\"thumbnailUrl\":\"https:\/\/luchonoticias.com\/editor\/wp-content\/uploads\/2024\/09\/TRANSPORTE-DE-CARGA.jpg\",\"articleSection\":[\"Actualidad\",\"Nacional\"],\"inLanguage\":\"es\"},{\"@type\":\"WebPage\",\"@id\":\"https:\/\/luchonoticias.com\/editor\/critica-del-sector-transporte-al-ministerio\/\",\"url\":\"https:\/\/luchonoticias.com\/editor\/critica-del-sector-transporte-al-ministerio\/\",\"name\":\"Cr\u00edtica del sector transporte al Ministerio -\",\"isPartOf\":{\"@id\":\"https:\/\/luchonoticias.com\/editor\/#website\"},\"primaryImageOfPage\":{\"@id\":\"https:\/\/luchonoticias.com\/editor\/critica-del-sector-transporte-al-ministerio\/#primaryimage\"},\"image\":{\"@id\":\"https:\/\/luchonoticias.com\/editor\/critica-del-sector-transporte-al-ministerio\/#primaryimage\"},\"thumbnailUrl\":\"https:\/\/luchonoticias.com\/editor\/wp-content\/uploads\/2024\/09\/TRANSPORTE-DE-CARGA.jpg\",\"datePublished\":\"2026-05-02T12:46:34+00:00\",\"dateModified\":\"2026-05-02T12:46:35+00:00\",\"breadcrumb\":{\"@id\":\"https:\/\/luchonoticias.com\/editor\/critica-del-sector-transporte-al-ministerio\/#breadcrumb\"},\"inLanguage\":\"es\",\"potentialAction\":[{\"@type\":\"ReadAction\",\"target\":[\"https:\/\/luchonoticias.com\/editor\/critica-del-sector-transporte-al-ministerio\/\"]}]},{\"@type\":\"ImageObject\",\"inLanguage\":\"es\",\"@id\":\"https:\/\/luchonoticias.com\/editor\/critica-del-sector-transporte-al-ministerio\/#primaryimage\",\"url\":\"https:\/\/luchonoticias.com\/editor\/wp-content\/uploads\/2024\/09\/TRANSPORTE-DE-CARGA.jpg\",\"contentUrl\":\"https:\/\/luchonoticias.com\/editor\/wp-content\/uploads\/2024\/09\/TRANSPORTE-DE-CARGA.jpg\",\"width\":700,\"height\":400},{\"@type\":\"BreadcrumbList\",\"@id\":\"https:\/\/luchonoticias.com\/editor\/critica-del-sector-transporte-al-ministerio\/#breadcrumb\",\"itemListElement\":[{\"@type\":\"ListItem\",\"position\":1,\"name\":\"Portada\",\"item\":\"https:\/\/luchonoticias.com\/editor\/\"},{\"@type\":\"ListItem\",\"position\":2,\"name\":\"Cr\u00edtica del sector transporte al Ministerio\"}]},{\"@type\":\"WebSite\",\"@id\":\"https:\/\/luchonoticias.com\/editor\/#website\",\"url\":\"https:\/\/luchonoticias.com\/editor\/\",\"name\":\"\",\"description\":\"\",\"publisher\":{\"@id\":\"https:\/\/luchonoticias.com\/editor\/#\/schema\/person\/7a7fd911f58561fd056dbac7b55af9cd\"},\"potentialAction\":[{\"@type\":\"SearchAction\",\"target\":{\"@type\":\"EntryPoint\",\"urlTemplate\":\"https:\/\/luchonoticias.com\/editor\/?s={search_term_string}\"},\"query-input\":{\"@type\":\"PropertyValueSpecification\",\"valueRequired\":true,\"valueName\":\"search_term_string\"}}],\"inLanguage\":\"es\"},{\"@type\":[\"Person\",\"Organization\"],\"@id\":\"https:\/\/luchonoticias.com\/editor\/#\/schema\/person\/7a7fd911f58561fd056dbac7b55af9cd\",\"name\":\"admin\",\"image\":{\"@type\":\"ImageObject\",\"inLanguage\":\"es\",\"@id\":\"https:\/\/luchonoticias.com\/editor\/#\/schema\/person\/image\/\",\"url\":\"https:\/\/luchonoticias.com\/editor\/wp-content\/uploads\/2024\/02\/cropped-cropped-logolu.webp\",\"contentUrl\":\"https:\/\/luchonoticias.com\/editor\/wp-content\/uploads\/2024\/02\/cropped-cropped-logolu.webp\",\"width\":382,\"height\":170,\"caption\":\"admin\"},\"logo\":{\"@id\":\"https:\/\/luchonoticias.com\/editor\/#\/schema\/person\/image\/\"},\"sameAs\":[\"https:\/\/www.facebook.com\/luchonoticiasneiva\"]},{\"@type\":\"Person\",\"@id\":\"https:\/\/luchonoticias.com\/editor\/#\/schema\/person\/29217990ddf6f14e35912b2866d591fb\",\"name\":\"Editor General\",\"image\":{\"@type\":\"ImageObject\",\"inLanguage\":\"es\",\"@id\":\"https:\/\/luchonoticias.com\/editor\/#\/schema\/person\/image\/\",\"url\":\"https:\/\/luchonoticias.com\/editor\/wp-content\/uploads\/2024\/02\/cropped-cropped-logolu-150x150.webp\",\"contentUrl\":\"https:\/\/luchonoticias.com\/editor\/wp-content\/uploads\/2024\/02\/cropped-cropped-logolu-150x150.webp\",\"caption\":\"Editor General\"},\"sameAs\":[\"https:\/\/luchonoticias.com\/\"],\"url\":\"https:\/\/luchonoticias.com\/editor\/author\/editor-general\/\"}]}<\/script>\n<!-- \/ Yoast SEO plugin. -->","yoast_head_json":{"title":"Cr\u00edtica del sector transporte al Ministerio -","robots":{"index":"index","follow":"follow","max-snippet":"max-snippet:-1","max-image-preview":"max-image-preview:large","max-video-preview":"max-video-preview:-1"},"canonical":"https:\/\/luchonoticias.com\/editor\/critica-del-sector-transporte-al-ministerio\/","og_locale":"es_ES","og_type":"article","og_title":"Cr\u00edtica del sector transporte al Ministerio -","og_url":"https:\/\/luchonoticias.com\/editor\/critica-del-sector-transporte-al-ministerio\/","article_publisher":"https:\/\/www.facebook.com\/luchonoticiasneiva","article_published_time":"2026-05-02T12:46:34+00:00","article_modified_time":"2026-05-02T12:46:35+00:00","og_image":[{"width":700,"height":400,"url":"https:\/\/luchonoticias.com\/editor\/wp-content\/uploads\/2024\/09\/TRANSPORTE-DE-CARGA.jpg","type":"image\/jpeg"}],"author":"Editor General","twitter_card":"summary_large_image","twitter_misc":{"Escrito por":"Editor General","Tiempo de lectura":"3 minutos"},"schema":{"@context":"https:\/\/schema.org","@graph":[{"@type":"Article","@id":"https:\/\/luchonoticias.com\/editor\/critica-del-sector-transporte-al-ministerio\/#article","isPartOf":{"@id":"https:\/\/luchonoticias.com\/editor\/critica-del-sector-transporte-al-ministerio\/"},"author":{"name":"Editor General","@id":"https:\/\/luchonoticias.com\/editor\/#\/schema\/person\/29217990ddf6f14e35912b2866d591fb"},"headline":"Cr\u00edtica del sector transporte al Ministerio","datePublished":"2026-05-02T12:46:34+00:00","dateModified":"2026-05-02T12:46:35+00:00","mainEntityOfPage":{"@id":"https:\/\/luchonoticias.com\/editor\/critica-del-sector-transporte-al-ministerio\/"},"wordCount":504,"publisher":{"@id":"https:\/\/luchonoticias.com\/editor\/#\/schema\/person\/7a7fd911f58561fd056dbac7b55af9cd"},"image":{"@id":"https:\/\/luchonoticias.com\/editor\/critica-del-sector-transporte-al-ministerio\/#primaryimage"},"thumbnailUrl":"https:\/\/luchonoticias.com\/editor\/wp-content\/uploads\/2024\/09\/TRANSPORTE-DE-CARGA.jpg","articleSection":["Actualidad","Nacional"],"inLanguage":"es"},{"@type":"WebPage","@id":"https:\/\/luchonoticias.com\/editor\/critica-del-sector-transporte-al-ministerio\/","url":"https:\/\/luchonoticias.com\/editor\/critica-del-sector-transporte-al-ministerio\/","name":"Cr\u00edtica del sector transporte al Ministerio -","isPartOf":{"@id":"https:\/\/luchonoticias.com\/editor\/#website"},"primaryImageOfPage":{"@id":"https:\/\/luchonoticias.com\/editor\/critica-del-sector-transporte-al-ministerio\/#primaryimage"},"image":{"@id":"https:\/\/luchonoticias.com\/editor\/critica-del-sector-transporte-al-ministerio\/#primaryimage"},"thumbnailUrl":"https:\/\/luchonoticias.com\/editor\/wp-content\/uploads\/2024\/09\/TRANSPORTE-DE-CARGA.jpg","datePublished":"2026-05-02T12:46:34+00:00","dateModified":"2026-05-02T12:46:35+00:00","breadcrumb":{"@id":"https:\/\/luchonoticias.com\/editor\/critica-del-sector-transporte-al-ministerio\/#breadcrumb"},"inLanguage":"es","potentialAction":[{"@type":"ReadAction","target":["https:\/\/luchonoticias.com\/editor\/critica-del-sector-transporte-al-ministerio\/"]}]},{"@type":"ImageObject","inLanguage":"es","@id":"https:\/\/luchonoticias.com\/editor\/critica-del-sector-transporte-al-ministerio\/#primaryimage","url":"https:\/\/luchonoticias.com\/editor\/wp-content\/uploads\/2024\/09\/TRANSPORTE-DE-CARGA.jpg","contentUrl":"https:\/\/luchonoticias.com\/editor\/wp-content\/uploads\/2024\/09\/TRANSPORTE-DE-CARGA.jpg","width":700,"height":400},{"@type":"BreadcrumbList","@id":"https:\/\/luchonoticias.com\/editor\/critica-del-sector-transporte-al-ministerio\/#breadcrumb","itemListElement":[{"@type":"ListItem","position":1,"name":"Portada","item":"https:\/\/luchonoticias.com\/editor\/"},{"@type":"ListItem","position":2,"name":"Cr\u00edtica del sector transporte al Ministerio"}]},{"@type":"WebSite","@id":"https:\/\/luchonoticias.com\/editor\/#website","url":"https:\/\/luchonoticias.com\/editor\/","name":"","description":"","publisher":{"@id":"https:\/\/luchonoticias.com\/editor\/#\/schema\/person\/7a7fd911f58561fd056dbac7b55af9cd"},"potentialAction":[{"@type":"SearchAction","target":{"@type":"EntryPoint","urlTemplate":"https:\/\/luchonoticias.com\/editor\/?s={search_term_string}"},"query-input":{"@type":"PropertyValueSpecification","valueRequired":true,"valueName":"search_term_string"}}],"inLanguage":"es"},{"@type":["Person","Organization"],"@id":"https:\/\/luchonoticias.com\/editor\/#\/schema\/person\/7a7fd911f58561fd056dbac7b55af9cd","name":"admin","image":{"@type":"ImageObject","inLanguage":"es","@id":"https:\/\/luchonoticias.com\/editor\/#\/schema\/person\/image\/","url":"https:\/\/luchonoticias.com\/editor\/wp-content\/uploads\/2024\/02\/cropped-cropped-logolu.webp","contentUrl":"https:\/\/luchonoticias.com\/editor\/wp-content\/uploads\/2024\/02\/cropped-cropped-logolu.webp","width":382,"height":170,"caption":"admin"},"logo":{"@id":"https:\/\/luchonoticias.com\/editor\/#\/schema\/person\/image\/"},"sameAs":["https:\/\/www.facebook.com\/luchonoticiasneiva"]},{"@type":"Person","@id":"https:\/\/luchonoticias.com\/editor\/#\/schema\/person\/29217990ddf6f14e35912b2866d591fb","name":"Editor General","image":{"@type":"ImageObject","inLanguage":"es","@id":"https:\/\/luchonoticias.com\/editor\/#\/schema\/person\/image\/","url":"https:\/\/luchonoticias.com\/editor\/wp-content\/uploads\/2024\/02\/cropped-cropped-logolu-150x150.webp","contentUrl":"https:\/\/luchonoticias.com\/editor\/wp-content\/uploads\/2024\/02\/cropped-cropped-logolu-150x150.webp","caption":"Editor General"},"sameAs":["https:\/\/luchonoticias.com\/"],"url":"https:\/\/luchonoticias.com\/editor\/author\/editor-general\/"}]}},"_links":{"self":[{"href":"https:\/\/luchonoticias.com\/editor\/wp-json\/wp\/v2\/posts\/97576","targetHints":{"allow":["GET"]}}],"collection":[{"href":"https:\/\/luchonoticias.com\/editor\/wp-json\/wp\/v2\/posts"}],"about":[{"href":"https:\/\/luchonoticias.com\/editor\/wp-json\/wp\/v2\/types\/post"}],"author":[{"embeddable":true,"href":"https:\/\/luchonoticias.com\/editor\/wp-json\/wp\/v2\/users\/2"}],"replies":[{"embeddable":true,"href":"https:\/\/luchonoticias.com\/editor\/wp-json\/wp\/v2\/comments?post=97576"}],"version-history":[{"count":1,"href":"https:\/\/luchonoticias.com\/editor\/wp-json\/wp\/v2\/posts\/97576\/revisions"}],"predecessor-version":[{"id":97577,"href":"https:\/\/luchonoticias.com\/editor\/wp-json\/wp\/v2\/posts\/97576\/revisions\/97577"}],"wp:featuredmedia":[{"embeddable":true,"href":"https:\/\/luchonoticias.com\/editor\/wp-json\/wp\/v2\/media\/77430"}],"wp:attachment":[{"href":"https:\/\/luchonoticias.com\/editor\/wp-json\/wp\/v2\/media?parent=97576"}],"wp:term":[{"taxonomy":"category","embeddable":true,"href":"https:\/\/luchonoticias.com\/editor\/wp-json\/wp\/v2\/categories?post=97576"},{"taxonomy":"post_tag","embeddable":true,"href":"https:\/\/luchonoticias.com\/editor\/wp-json\/wp\/v2\/tags?post=97576"}],"curies":[{"name":"wp","href":"https:\/\/api.w.org\/{rel}","templated":true}]}}