{"id":97578,"date":"2026-05-02T09:46:19","date_gmt":"2026-05-02T14:46:19","guid":{"rendered":"https:\/\/luchonoticias.com\/editor\/?p=97578"},"modified":"2026-05-02T09:46:20","modified_gmt":"2026-05-02T14:46:20","slug":"supersalud-le-pone-la-lupa-al-sistema-sanitario-del-magisterio","status":"publish","type":"post","link":"https:\/\/luchonoticias.com\/editor\/supersalud-le-pone-la-lupa-al-sistema-sanitario-del-magisterio\/","title":{"rendered":"Supersalud le pone la lupa al sistema sanitario del magisterio"},"content":{"rendered":"\n<p>La Superintendencia Nacional de Salud orden\u00f3 iniciar una actuaci\u00f3n especial de inspecci\u00f3n y vigilancia sobre el modelo de salud del magisterio (FOMAG), con el fin de evaluar su funcionamiento, la calidad en la prestaci\u00f3n de los servicios y la administraci\u00f3n de los recursos.<\/p>\n\n\n\n<p>La medida fue adoptada por el superintendente Daniel Quintero Calle, tras una solicitud del presidente Gustavo Petro, quien pidi\u00f3 indagar posibles irregularidades dentro del sistema.<\/p>\n\n\n\n<p>La investigaci\u00f3n tendr\u00e1 car\u00e1cter prioritario e incluir\u00e1 una revisi\u00f3n integral de aspectos como los procesos de contrataci\u00f3n, la red de atenci\u00f3n, el suministro de medicamentos, las autorizaciones m\u00e9dicas, la gesti\u00f3n de quejas y el flujo de recursos destinados a docentes, pensionados y sus beneficiarios.<\/p>\n\n\n\n<p>Asimismo, la Supersalud analizar\u00e1 el papel de los distintos actores involucrados en la operaci\u00f3n del modelo, entre ellos la Fiduprevisora, adem\u00e1s de prestadores de servicios de salud, operadores y gestores farmac\u00e9uticos.<\/p>\n\n\n\n<p>Seg\u00fan el documento oficial, se revisar\u00e1 la actuaci\u00f3n de todas las entidades vinculadas al sistema, incluyendo interventor\u00edas y dem\u00e1s instancias relacionadas con la administraci\u00f3n de los recursos del Fondo.<\/p>\n\n\n\n<p>Entre las acciones previstas se contempla la elaboraci\u00f3n de una matriz de riesgos, la identificaci\u00f3n de posibles responsables y el eventual traslado de hallazgos a organismos de control como la Fiscal\u00eda, la Procuradur\u00eda y la Contralor\u00eda.<\/p>\n\n\n\n<p>La decisi\u00f3n se produce en medio de denuncias por presuntas irregularidades en el sistema de salud del magisterio, que actualmente atiende a cientos de miles de afiliados en el pa\u00eds.<\/p>\n","protected":false},"excerpt":{"rendered":"<p>La Superintendencia Nacional de Salud orden\u00f3 iniciar una actuaci\u00f3n especial de inspecci\u00f3n y vigilancia sobre el modelo de salud del magisterio (FOMAG), con el fin de evaluar su funcionamiento, la calidad en la prestaci\u00f3n de los servicios y la administraci\u00f3n de los recursos. La medida fue adoptada por el superintendente Daniel Quintero Calle, tras una [&hellip;]<\/p>\n","protected":false},"author":2,"featured_media":97579,"comment_status":"closed","ping_status":"open","sticky":false,"template":"","format":"standard","meta":{"footnotes":""},"categories":[28,32],"tags":[],"class_list":["post-97578","post","type-post","status-publish","format-standard","has-post-thumbnail","hentry","category-actualidad","category-nacional"],"yoast_head":"<!-- This site is optimized with the Yoast SEO plugin v26.6 - https:\/\/yoast.com\/wordpress\/plugins\/seo\/ -->\n<title>Supersalud le pone la lupa al sistema sanitario del magisterio -<\/title>\n<meta name=\"robots\" content=\"index, follow, max-snippet:-1, max-image-preview:large, max-video-preview:-1\" \/>\n<link rel=\"canonical\" href=\"https:\/\/luchonoticias.com\/editor\/supersalud-le-pone-la-lupa-al-sistema-sanitario-del-magisterio\/\" \/>\n<meta property=\"og:locale\" content=\"es_ES\" \/>\n<meta property=\"og:type\" content=\"article\" \/>\n<meta property=\"og:title\" content=\"Supersalud le pone la lupa al sistema sanitario del magisterio -\" \/>\n<meta property=\"og:url\" content=\"https:\/\/luchonoticias.com\/editor\/supersalud-le-pone-la-lupa-al-sistema-sanitario-del-magisterio\/\" \/>\n<meta property=\"article:publisher\" content=\"https:\/\/www.facebook.com\/luchonoticiasneiva\" \/>\n<meta property=\"article:published_time\" content=\"2026-05-02T14:46:19+00:00\" \/>\n<meta property=\"article:modified_time\" content=\"2026-05-02T14:46:20+00:00\" \/>\n<meta property=\"og:image\" content=\"https:\/\/luchonoticias.com\/editor\/wp-content\/uploads\/2026\/05\/dniel-quintero.jpg\" \/>\n\t<meta property=\"og:image:width\" content=\"700\" \/>\n\t<meta property=\"og:image:height\" content=\"400\" \/>\n\t<meta property=\"og:image:type\" content=\"image\/jpeg\" \/>\n<meta name=\"author\" content=\"Editor General\" \/>\n<meta name=\"twitter:card\" content=\"summary_large_image\" \/>\n<meta name=\"twitter:label1\" content=\"Escrito por\" \/>\n\t<meta name=\"twitter:data1\" content=\"Editor General\" \/>\n\t<meta name=\"twitter:label2\" content=\"Tiempo de lectura\" \/>\n\t<meta name=\"twitter:data2\" content=\"2 minutos\" \/>\n<script type=\"application\/ld+json\" class=\"yoast-schema-graph\">{\"@context\":\"https:\/\/schema.org\",\"@graph\":[{\"@type\":\"Article\",\"@id\":\"https:\/\/luchonoticias.com\/editor\/supersalud-le-pone-la-lupa-al-sistema-sanitario-del-magisterio\/#article\",\"isPartOf\":{\"@id\":\"https:\/\/luchonoticias.com\/editor\/supersalud-le-pone-la-lupa-al-sistema-sanitario-del-magisterio\/\"},\"author\":{\"name\":\"Editor General\",\"@id\":\"https:\/\/luchonoticias.com\/editor\/#\/schema\/person\/29217990ddf6f14e35912b2866d591fb\"},\"headline\":\"Supersalud le pone la lupa al sistema sanitario del magisterio\",\"datePublished\":\"2026-05-02T14:46:19+00:00\",\"dateModified\":\"2026-05-02T14:46:20+00:00\",\"mainEntityOfPage\":{\"@id\":\"https:\/\/luchonoticias.com\/editor\/supersalud-le-pone-la-lupa-al-sistema-sanitario-del-magisterio\/\"},\"wordCount\":274,\"publisher\":{\"@id\":\"https:\/\/luchonoticias.com\/editor\/#\/schema\/person\/7a7fd911f58561fd056dbac7b55af9cd\"},\"image\":{\"@id\":\"https:\/\/luchonoticias.com\/editor\/supersalud-le-pone-la-lupa-al-sistema-sanitario-del-magisterio\/#primaryimage\"},\"thumbnailUrl\":\"https:\/\/luchonoticias.com\/editor\/wp-content\/uploads\/2026\/05\/dniel-quintero.jpg\",\"articleSection\":[\"Actualidad\",\"Nacional\"],\"inLanguage\":\"es\"},{\"@type\":\"WebPage\",\"@id\":\"https:\/\/luchonoticias.com\/editor\/supersalud-le-pone-la-lupa-al-sistema-sanitario-del-magisterio\/\",\"url\":\"https:\/\/luchonoticias.com\/editor\/supersalud-le-pone-la-lupa-al-sistema-sanitario-del-magisterio\/\",\"name\":\"Supersalud le pone la lupa al sistema sanitario del magisterio -\",\"isPartOf\":{\"@id\":\"https:\/\/luchonoticias.com\/editor\/#website\"},\"primaryImageOfPage\":{\"@id\":\"https:\/\/luchonoticias.com\/editor\/supersalud-le-pone-la-lupa-al-sistema-sanitario-del-magisterio\/#primaryimage\"},\"image\":{\"@id\":\"https:\/\/luchonoticias.com\/editor\/supersalud-le-pone-la-lupa-al-sistema-sanitario-del-magisterio\/#primaryimage\"},\"thumbnailUrl\":\"https:\/\/luchonoticias.com\/editor\/wp-content\/uploads\/2026\/05\/dniel-quintero.jpg\",\"datePublished\":\"2026-05-02T14:46:19+00:00\",\"dateModified\":\"2026-05-02T14:46:20+00:00\",\"breadcrumb\":{\"@id\":\"https:\/\/luchonoticias.com\/editor\/supersalud-le-pone-la-lupa-al-sistema-sanitario-del-magisterio\/#breadcrumb\"},\"inLanguage\":\"es\",\"potentialAction\":[{\"@type\":\"ReadAction\",\"target\":[\"https:\/\/luchonoticias.com\/editor\/supersalud-le-pone-la-lupa-al-sistema-sanitario-del-magisterio\/\"]}]},{\"@type\":\"ImageObject\",\"inLanguage\":\"es\",\"@id\":\"https:\/\/luchonoticias.com\/editor\/supersalud-le-pone-la-lupa-al-sistema-sanitario-del-magisterio\/#primaryimage\",\"url\":\"https:\/\/luchonoticias.com\/editor\/wp-content\/uploads\/2026\/05\/dniel-quintero.jpg\",\"contentUrl\":\"https:\/\/luchonoticias.com\/editor\/wp-content\/uploads\/2026\/05\/dniel-quintero.jpg\",\"width\":700,\"height\":400},{\"@type\":\"BreadcrumbList\",\"@id\":\"https:\/\/luchonoticias.com\/editor\/supersalud-le-pone-la-lupa-al-sistema-sanitario-del-magisterio\/#breadcrumb\",\"itemListElement\":[{\"@type\":\"ListItem\",\"position\":1,\"name\":\"Portada\",\"item\":\"https:\/\/luchonoticias.com\/editor\/\"},{\"@type\":\"ListItem\",\"position\":2,\"name\":\"Supersalud le pone la lupa al sistema sanitario del magisterio\"}]},{\"@type\":\"WebSite\",\"@id\":\"https:\/\/luchonoticias.com\/editor\/#website\",\"url\":\"https:\/\/luchonoticias.com\/editor\/\",\"name\":\"\",\"description\":\"\",\"publisher\":{\"@id\":\"https:\/\/luchonoticias.com\/editor\/#\/schema\/person\/7a7fd911f58561fd056dbac7b55af9cd\"},\"potentialAction\":[{\"@type\":\"SearchAction\",\"target\":{\"@type\":\"EntryPoint\",\"urlTemplate\":\"https:\/\/luchonoticias.com\/editor\/?s={search_term_string}\"},\"query-input\":{\"@type\":\"PropertyValueSpecification\",\"valueRequired\":true,\"valueName\":\"search_term_string\"}}],\"inLanguage\":\"es\"},{\"@type\":[\"Person\",\"Organization\"],\"@id\":\"https:\/\/luchonoticias.com\/editor\/#\/schema\/person\/7a7fd911f58561fd056dbac7b55af9cd\",\"name\":\"admin\",\"image\":{\"@type\":\"ImageObject\",\"inLanguage\":\"es\",\"@id\":\"https:\/\/luchonoticias.com\/editor\/#\/schema\/person\/image\/\",\"url\":\"https:\/\/luchonoticias.com\/editor\/wp-content\/uploads\/2024\/02\/cropped-cropped-logolu.webp\",\"contentUrl\":\"https:\/\/luchonoticias.com\/editor\/wp-content\/uploads\/2024\/02\/cropped-cropped-logolu.webp\",\"width\":382,\"height\":170,\"caption\":\"admin\"},\"logo\":{\"@id\":\"https:\/\/luchonoticias.com\/editor\/#\/schema\/person\/image\/\"},\"sameAs\":[\"https:\/\/www.facebook.com\/luchonoticiasneiva\"]},{\"@type\":\"Person\",\"@id\":\"https:\/\/luchonoticias.com\/editor\/#\/schema\/person\/29217990ddf6f14e35912b2866d591fb\",\"name\":\"Editor General\",\"image\":{\"@type\":\"ImageObject\",\"inLanguage\":\"es\",\"@id\":\"https:\/\/luchonoticias.com\/editor\/#\/schema\/person\/image\/\",\"url\":\"https:\/\/luchonoticias.com\/editor\/wp-content\/uploads\/2024\/02\/cropped-cropped-logolu-150x150.webp\",\"contentUrl\":\"https:\/\/luchonoticias.com\/editor\/wp-content\/uploads\/2024\/02\/cropped-cropped-logolu-150x150.webp\",\"caption\":\"Editor General\"},\"sameAs\":[\"https:\/\/luchonoticias.com\/\"],\"url\":\"https:\/\/luchonoticias.com\/editor\/author\/editor-general\/\"}]}<\/script>\n<!-- \/ Yoast SEO plugin. -->","yoast_head_json":{"title":"Supersalud le pone la lupa al sistema sanitario del magisterio -","robots":{"index":"index","follow":"follow","max-snippet":"max-snippet:-1","max-image-preview":"max-image-preview:large","max-video-preview":"max-video-preview:-1"},"canonical":"https:\/\/luchonoticias.com\/editor\/supersalud-le-pone-la-lupa-al-sistema-sanitario-del-magisterio\/","og_locale":"es_ES","og_type":"article","og_title":"Supersalud le pone la lupa al sistema sanitario del magisterio -","og_url":"https:\/\/luchonoticias.com\/editor\/supersalud-le-pone-la-lupa-al-sistema-sanitario-del-magisterio\/","article_publisher":"https:\/\/www.facebook.com\/luchonoticiasneiva","article_published_time":"2026-05-02T14:46:19+00:00","article_modified_time":"2026-05-02T14:46:20+00:00","og_image":[{"width":700,"height":400,"url":"https:\/\/luchonoticias.com\/editor\/wp-content\/uploads\/2026\/05\/dniel-quintero.jpg","type":"image\/jpeg"}],"author":"Editor General","twitter_card":"summary_large_image","twitter_misc":{"Escrito por":"Editor General","Tiempo de lectura":"2 minutos"},"schema":{"@context":"https:\/\/schema.org","@graph":[{"@type":"Article","@id":"https:\/\/luchonoticias.com\/editor\/supersalud-le-pone-la-lupa-al-sistema-sanitario-del-magisterio\/#article","isPartOf":{"@id":"https:\/\/luchonoticias.com\/editor\/supersalud-le-pone-la-lupa-al-sistema-sanitario-del-magisterio\/"},"author":{"name":"Editor General","@id":"https:\/\/luchonoticias.com\/editor\/#\/schema\/person\/29217990ddf6f14e35912b2866d591fb"},"headline":"Supersalud le pone la lupa al sistema sanitario del magisterio","datePublished":"2026-05-02T14:46:19+00:00","dateModified":"2026-05-02T14:46:20+00:00","mainEntityOfPage":{"@id":"https:\/\/luchonoticias.com\/editor\/supersalud-le-pone-la-lupa-al-sistema-sanitario-del-magisterio\/"},"wordCount":274,"publisher":{"@id":"https:\/\/luchonoticias.com\/editor\/#\/schema\/person\/7a7fd911f58561fd056dbac7b55af9cd"},"image":{"@id":"https:\/\/luchonoticias.com\/editor\/supersalud-le-pone-la-lupa-al-sistema-sanitario-del-magisterio\/#primaryimage"},"thumbnailUrl":"https:\/\/luchonoticias.com\/editor\/wp-content\/uploads\/2026\/05\/dniel-quintero.jpg","articleSection":["Actualidad","Nacional"],"inLanguage":"es"},{"@type":"WebPage","@id":"https:\/\/luchonoticias.com\/editor\/supersalud-le-pone-la-lupa-al-sistema-sanitario-del-magisterio\/","url":"https:\/\/luchonoticias.com\/editor\/supersalud-le-pone-la-lupa-al-sistema-sanitario-del-magisterio\/","name":"Supersalud le pone la lupa al sistema sanitario del magisterio -","isPartOf":{"@id":"https:\/\/luchonoticias.com\/editor\/#website"},"primaryImageOfPage":{"@id":"https:\/\/luchonoticias.com\/editor\/supersalud-le-pone-la-lupa-al-sistema-sanitario-del-magisterio\/#primaryimage"},"image":{"@id":"https:\/\/luchonoticias.com\/editor\/supersalud-le-pone-la-lupa-al-sistema-sanitario-del-magisterio\/#primaryimage"},"thumbnailUrl":"https:\/\/luchonoticias.com\/editor\/wp-content\/uploads\/2026\/05\/dniel-quintero.jpg","datePublished":"2026-05-02T14:46:19+00:00","dateModified":"2026-05-02T14:46:20+00:00","breadcrumb":{"@id":"https:\/\/luchonoticias.com\/editor\/supersalud-le-pone-la-lupa-al-sistema-sanitario-del-magisterio\/#breadcrumb"},"inLanguage":"es","potentialAction":[{"@type":"ReadAction","target":["https:\/\/luchonoticias.com\/editor\/supersalud-le-pone-la-lupa-al-sistema-sanitario-del-magisterio\/"]}]},{"@type":"ImageObject","inLanguage":"es","@id":"https:\/\/luchonoticias.com\/editor\/supersalud-le-pone-la-lupa-al-sistema-sanitario-del-magisterio\/#primaryimage","url":"https:\/\/luchonoticias.com\/editor\/wp-content\/uploads\/2026\/05\/dniel-quintero.jpg","contentUrl":"https:\/\/luchonoticias.com\/editor\/wp-content\/uploads\/2026\/05\/dniel-quintero.jpg","width":700,"height":400},{"@type":"BreadcrumbList","@id":"https:\/\/luchonoticias.com\/editor\/supersalud-le-pone-la-lupa-al-sistema-sanitario-del-magisterio\/#breadcrumb","itemListElement":[{"@type":"ListItem","position":1,"name":"Portada","item":"https:\/\/luchonoticias.com\/editor\/"},{"@type":"ListItem","position":2,"name":"Supersalud le pone la lupa al sistema sanitario del magisterio"}]},{"@type":"WebSite","@id":"https:\/\/luchonoticias.com\/editor\/#website","url":"https:\/\/luchonoticias.com\/editor\/","name":"","description":"","publisher":{"@id":"https:\/\/luchonoticias.com\/editor\/#\/schema\/person\/7a7fd911f58561fd056dbac7b55af9cd"},"potentialAction":[{"@type":"SearchAction","target":{"@type":"EntryPoint","urlTemplate":"https:\/\/luchonoticias.com\/editor\/?s={search_term_string}"},"query-input":{"@type":"PropertyValueSpecification","valueRequired":true,"valueName":"search_term_string"}}],"inLanguage":"es"},{"@type":["Person","Organization"],"@id":"https:\/\/luchonoticias.com\/editor\/#\/schema\/person\/7a7fd911f58561fd056dbac7b55af9cd","name":"admin","image":{"@type":"ImageObject","inLanguage":"es","@id":"https:\/\/luchonoticias.com\/editor\/#\/schema\/person\/image\/","url":"https:\/\/luchonoticias.com\/editor\/wp-content\/uploads\/2024\/02\/cropped-cropped-logolu.webp","contentUrl":"https:\/\/luchonoticias.com\/editor\/wp-content\/uploads\/2024\/02\/cropped-cropped-logolu.webp","width":382,"height":170,"caption":"admin"},"logo":{"@id":"https:\/\/luchonoticias.com\/editor\/#\/schema\/person\/image\/"},"sameAs":["https:\/\/www.facebook.com\/luchonoticiasneiva"]},{"@type":"Person","@id":"https:\/\/luchonoticias.com\/editor\/#\/schema\/person\/29217990ddf6f14e35912b2866d591fb","name":"Editor General","image":{"@type":"ImageObject","inLanguage":"es","@id":"https:\/\/luchonoticias.com\/editor\/#\/schema\/person\/image\/","url":"https:\/\/luchonoticias.com\/editor\/wp-content\/uploads\/2024\/02\/cropped-cropped-logolu-150x150.webp","contentUrl":"https:\/\/luchonoticias.com\/editor\/wp-content\/uploads\/2024\/02\/cropped-cropped-logolu-150x150.webp","caption":"Editor General"},"sameAs":["https:\/\/luchonoticias.com\/"],"url":"https:\/\/luchonoticias.com\/editor\/author\/editor-general\/"}]}},"_links":{"self":[{"href":"https:\/\/luchonoticias.com\/editor\/wp-json\/wp\/v2\/posts\/97578","targetHints":{"allow":["GET"]}}],"collection":[{"href":"https:\/\/luchonoticias.com\/editor\/wp-json\/wp\/v2\/posts"}],"about":[{"href":"https:\/\/luchonoticias.com\/editor\/wp-json\/wp\/v2\/types\/post"}],"author":[{"embeddable":true,"href":"https:\/\/luchonoticias.com\/editor\/wp-json\/wp\/v2\/users\/2"}],"replies":[{"embeddable":true,"href":"https:\/\/luchonoticias.com\/editor\/wp-json\/wp\/v2\/comments?post=97578"}],"version-history":[{"count":1,"href":"https:\/\/luchonoticias.com\/editor\/wp-json\/wp\/v2\/posts\/97578\/revisions"}],"predecessor-version":[{"id":97580,"href":"https:\/\/luchonoticias.com\/editor\/wp-json\/wp\/v2\/posts\/97578\/revisions\/97580"}],"wp:featuredmedia":[{"embeddable":true,"href":"https:\/\/luchonoticias.com\/editor\/wp-json\/wp\/v2\/media\/97579"}],"wp:attachment":[{"href":"https:\/\/luchonoticias.com\/editor\/wp-json\/wp\/v2\/media?parent=97578"}],"wp:term":[{"taxonomy":"category","embeddable":true,"href":"https:\/\/luchonoticias.com\/editor\/wp-json\/wp\/v2\/categories?post=97578"},{"taxonomy":"post_tag","embeddable":true,"href":"https:\/\/luchonoticias.com\/editor\/wp-json\/wp\/v2\/tags?post=97578"}],"curies":[{"name":"wp","href":"https:\/\/api.w.org\/{rel}","templated":true}]}}