{"id":97589,"date":"2026-05-02T13:50:14","date_gmt":"2026-05-02T18:50:14","guid":{"rendered":"https:\/\/luchonoticias.com\/editor\/?p=97589"},"modified":"2026-05-02T13:50:16","modified_gmt":"2026-05-02T18:50:16","slug":"piden-muerte-politica-de-ciro-ramirez","status":"publish","type":"post","link":"https:\/\/luchonoticias.com\/editor\/piden-muerte-politica-de-ciro-ramirez\/","title":{"rendered":"Piden muerte pol\u00edtica de Ciro Ram\u00edrez"},"content":{"rendered":"\n<p>La curul del senador Ciro Ram\u00edrez, del Centro Democr\u00e1tico, fue demandada ante el Consejo de Estado mediante una acci\u00f3n de p\u00e9rdida de investidura, luego de que fuera condenado en primera instancia por hechos de corrupci\u00f3n.<\/p>\n\n\n\n<p>La solicitud fue presentada por el abogado Joan Sebasti\u00e1n Moreno, quien pidi\u00f3 retirar al congresista de su cargo e inhabilitarlo para ejercer funciones p\u00fablicas, tras la sentencia a 23 a\u00f1os de prisi\u00f3n en el caso conocido como \u201cMarionetas 2.0\u201d.<\/p>\n\n\n\n<p>El demandante anunci\u00f3 que entregar\u00e1 la credencial que acredita a Ram\u00edrez como senador para el periodo en el que ocurrieron los hechos investigados, requisito solicitado por el alto tribunal para admitir la demanda, que ser\u00e1 estudiada por el magistrado Wilson Arias Gir\u00f3n.<\/p>\n\n\n\n<p>Seg\u00fan explic\u00f3 Moreno, el despacho del magistrado consider\u00f3 que los hechos y conductas ya estaban debidamente sustentados, pero pidi\u00f3 subsanar ese requisito formal antes de dar tr\u00e1mite al proceso. En ese sentido, indic\u00f3 que la correcci\u00f3n se presentar\u00e1 para que la acci\u00f3n contin\u00fae su curso.<\/p>\n\n\n\n<p>En la demanda, de m\u00e1s de 500 p\u00e1ginas, se argumenta que las conductas por las cuales fue condenado el senador constituyen tr\u00e1fico de influencias e indebida destinaci\u00f3n de recursos p\u00fablicos, lo que dar\u00eda lugar a la llamada \u201cmuerte pol\u00edtica\u201d.<\/p>\n\n\n\n<p>De acuerdo con el documento, Ram\u00edrez habr\u00eda intervenido para favorecer la adjudicaci\u00f3n de al menos 13 contratos por cerca de 24.000 millones de pesos desde el Departamento para la Prosperidad Social a la empresa Proyecta Quind\u00edo, a cambio de beneficios econ\u00f3micos y electorales.<\/p>\n\n\n\n<p>El texto tambi\u00e9n se\u00f1ala que el congresista habr\u00eda utilizado su investidura para influir en funcionarios p\u00fablicos, apoy\u00e1ndose en su equipo de trabajo para coordinar reuniones con contratistas y autoridades regionales, en un esquema que, seg\u00fan el demandante, fue acreditado en la sentencia de la Corte Suprema de Justicia.<\/p>\n\n\n\n<p>Para el accionante, estas actuaciones evidencian una desviaci\u00f3n del poder con fines particulares, afectando la moralidad p\u00fablica y la confianza de los ciudadanos en sus representantes. Adem\u00e1s, sostiene que hubo una utilizaci\u00f3n indebida de recursos p\u00fablicos mediante el direccionamiento de contratos y el pago de d\u00e1divas.<\/p>\n\n\n\n<p>La demanda tambi\u00e9n solicita la pr\u00e1ctica de pruebas testimoniales, entre ellas la de la gerente de la empresa involucrada, con el fin de ampliar los elementos de juicio dentro del proceso.<\/p>\n\n\n\n<p>El Consejo de Estado deber\u00e1 ahora evaluar la solicitud y determinar si procede la p\u00e9rdida de investidura del congresista, una de las sanciones m\u00e1s severas en el ordenamiento pol\u00edtico colombiano.<\/p>\n\n\n\n<p><\/p>\n","protected":false},"excerpt":{"rendered":"<p>La curul del senador Ciro Ram\u00edrez, del Centro Democr\u00e1tico, fue demandada ante el Consejo de Estado mediante una acci\u00f3n de p\u00e9rdida de investidura, luego de que fuera condenado en primera instancia por hechos de corrupci\u00f3n. La solicitud fue presentada por el abogado Joan Sebasti\u00e1n Moreno, quien pidi\u00f3 retirar al congresista de su cargo e inhabilitarlo [&hellip;]<\/p>\n","protected":false},"author":2,"featured_media":97590,"comment_status":"closed","ping_status":"open","sticky":false,"template":"","format":"standard","meta":{"footnotes":""},"categories":[28,32],"tags":[],"class_list":["post-97589","post","type-post","status-publish","format-standard","has-post-thumbnail","hentry","category-actualidad","category-nacional"],"yoast_head":"<!-- This site is optimized with the Yoast SEO plugin v26.6 - https:\/\/yoast.com\/wordpress\/plugins\/seo\/ -->\n<title>Piden muerte pol\u00edtica de Ciro Ram\u00edrez -<\/title>\n<meta name=\"robots\" content=\"index, follow, max-snippet:-1, max-image-preview:large, max-video-preview:-1\" \/>\n<link rel=\"canonical\" href=\"https:\/\/luchonoticias.com\/editor\/piden-muerte-politica-de-ciro-ramirez\/\" \/>\n<meta property=\"og:locale\" content=\"es_ES\" \/>\n<meta property=\"og:type\" content=\"article\" \/>\n<meta property=\"og:title\" content=\"Piden muerte pol\u00edtica de Ciro Ram\u00edrez -\" \/>\n<meta property=\"og:url\" content=\"https:\/\/luchonoticias.com\/editor\/piden-muerte-politica-de-ciro-ramirez\/\" \/>\n<meta property=\"article:publisher\" content=\"https:\/\/www.facebook.com\/luchonoticiasneiva\" \/>\n<meta property=\"article:published_time\" content=\"2026-05-02T18:50:14+00:00\" \/>\n<meta property=\"article:modified_time\" content=\"2026-05-02T18:50:16+00:00\" \/>\n<meta property=\"og:image\" content=\"https:\/\/luchonoticias.com\/editor\/wp-content\/uploads\/2026\/05\/CIRO-RAMIREZ.jpg\" \/>\n\t<meta property=\"og:image:width\" content=\"700\" \/>\n\t<meta property=\"og:image:height\" content=\"400\" \/>\n\t<meta property=\"og:image:type\" content=\"image\/jpeg\" \/>\n<meta name=\"author\" content=\"Editor General\" \/>\n<meta name=\"twitter:card\" content=\"summary_large_image\" \/>\n<meta name=\"twitter:label1\" content=\"Escrito por\" \/>\n\t<meta name=\"twitter:data1\" content=\"Editor General\" \/>\n\t<meta name=\"twitter:label2\" content=\"Tiempo de lectura\" \/>\n\t<meta name=\"twitter:data2\" content=\"3 minutos\" \/>\n<script type=\"application\/ld+json\" class=\"yoast-schema-graph\">{\"@context\":\"https:\/\/schema.org\",\"@graph\":[{\"@type\":\"Article\",\"@id\":\"https:\/\/luchonoticias.com\/editor\/piden-muerte-politica-de-ciro-ramirez\/#article\",\"isPartOf\":{\"@id\":\"https:\/\/luchonoticias.com\/editor\/piden-muerte-politica-de-ciro-ramirez\/\"},\"author\":{\"name\":\"Editor General\",\"@id\":\"https:\/\/luchonoticias.com\/editor\/#\/schema\/person\/29217990ddf6f14e35912b2866d591fb\"},\"headline\":\"Piden muerte pol\u00edtica de Ciro Ram\u00edrez\",\"datePublished\":\"2026-05-02T18:50:14+00:00\",\"dateModified\":\"2026-05-02T18:50:16+00:00\",\"mainEntityOfPage\":{\"@id\":\"https:\/\/luchonoticias.com\/editor\/piden-muerte-politica-de-ciro-ramirez\/\"},\"wordCount\":446,\"publisher\":{\"@id\":\"https:\/\/luchonoticias.com\/editor\/#\/schema\/person\/7a7fd911f58561fd056dbac7b55af9cd\"},\"image\":{\"@id\":\"https:\/\/luchonoticias.com\/editor\/piden-muerte-politica-de-ciro-ramirez\/#primaryimage\"},\"thumbnailUrl\":\"https:\/\/luchonoticias.com\/editor\/wp-content\/uploads\/2026\/05\/CIRO-RAMIREZ.jpg\",\"articleSection\":[\"Actualidad\",\"Nacional\"],\"inLanguage\":\"es\"},{\"@type\":\"WebPage\",\"@id\":\"https:\/\/luchonoticias.com\/editor\/piden-muerte-politica-de-ciro-ramirez\/\",\"url\":\"https:\/\/luchonoticias.com\/editor\/piden-muerte-politica-de-ciro-ramirez\/\",\"name\":\"Piden muerte pol\u00edtica de Ciro Ram\u00edrez -\",\"isPartOf\":{\"@id\":\"https:\/\/luchonoticias.com\/editor\/#website\"},\"primaryImageOfPage\":{\"@id\":\"https:\/\/luchonoticias.com\/editor\/piden-muerte-politica-de-ciro-ramirez\/#primaryimage\"},\"image\":{\"@id\":\"https:\/\/luchonoticias.com\/editor\/piden-muerte-politica-de-ciro-ramirez\/#primaryimage\"},\"thumbnailUrl\":\"https:\/\/luchonoticias.com\/editor\/wp-content\/uploads\/2026\/05\/CIRO-RAMIREZ.jpg\",\"datePublished\":\"2026-05-02T18:50:14+00:00\",\"dateModified\":\"2026-05-02T18:50:16+00:00\",\"breadcrumb\":{\"@id\":\"https:\/\/luchonoticias.com\/editor\/piden-muerte-politica-de-ciro-ramirez\/#breadcrumb\"},\"inLanguage\":\"es\",\"potentialAction\":[{\"@type\":\"ReadAction\",\"target\":[\"https:\/\/luchonoticias.com\/editor\/piden-muerte-politica-de-ciro-ramirez\/\"]}]},{\"@type\":\"ImageObject\",\"inLanguage\":\"es\",\"@id\":\"https:\/\/luchonoticias.com\/editor\/piden-muerte-politica-de-ciro-ramirez\/#primaryimage\",\"url\":\"https:\/\/luchonoticias.com\/editor\/wp-content\/uploads\/2026\/05\/CIRO-RAMIREZ.jpg\",\"contentUrl\":\"https:\/\/luchonoticias.com\/editor\/wp-content\/uploads\/2026\/05\/CIRO-RAMIREZ.jpg\",\"width\":700,\"height\":400},{\"@type\":\"BreadcrumbList\",\"@id\":\"https:\/\/luchonoticias.com\/editor\/piden-muerte-politica-de-ciro-ramirez\/#breadcrumb\",\"itemListElement\":[{\"@type\":\"ListItem\",\"position\":1,\"name\":\"Portada\",\"item\":\"https:\/\/luchonoticias.com\/editor\/\"},{\"@type\":\"ListItem\",\"position\":2,\"name\":\"Piden muerte pol\u00edtica de Ciro Ram\u00edrez\"}]},{\"@type\":\"WebSite\",\"@id\":\"https:\/\/luchonoticias.com\/editor\/#website\",\"url\":\"https:\/\/luchonoticias.com\/editor\/\",\"name\":\"\",\"description\":\"\",\"publisher\":{\"@id\":\"https:\/\/luchonoticias.com\/editor\/#\/schema\/person\/7a7fd911f58561fd056dbac7b55af9cd\"},\"potentialAction\":[{\"@type\":\"SearchAction\",\"target\":{\"@type\":\"EntryPoint\",\"urlTemplate\":\"https:\/\/luchonoticias.com\/editor\/?s={search_term_string}\"},\"query-input\":{\"@type\":\"PropertyValueSpecification\",\"valueRequired\":true,\"valueName\":\"search_term_string\"}}],\"inLanguage\":\"es\"},{\"@type\":[\"Person\",\"Organization\"],\"@id\":\"https:\/\/luchonoticias.com\/editor\/#\/schema\/person\/7a7fd911f58561fd056dbac7b55af9cd\",\"name\":\"admin\",\"image\":{\"@type\":\"ImageObject\",\"inLanguage\":\"es\",\"@id\":\"https:\/\/luchonoticias.com\/editor\/#\/schema\/person\/image\/\",\"url\":\"https:\/\/luchonoticias.com\/editor\/wp-content\/uploads\/2024\/02\/cropped-cropped-logolu.webp\",\"contentUrl\":\"https:\/\/luchonoticias.com\/editor\/wp-content\/uploads\/2024\/02\/cropped-cropped-logolu.webp\",\"width\":382,\"height\":170,\"caption\":\"admin\"},\"logo\":{\"@id\":\"https:\/\/luchonoticias.com\/editor\/#\/schema\/person\/image\/\"},\"sameAs\":[\"https:\/\/www.facebook.com\/luchonoticiasneiva\"]},{\"@type\":\"Person\",\"@id\":\"https:\/\/luchonoticias.com\/editor\/#\/schema\/person\/29217990ddf6f14e35912b2866d591fb\",\"name\":\"Editor General\",\"image\":{\"@type\":\"ImageObject\",\"inLanguage\":\"es\",\"@id\":\"https:\/\/luchonoticias.com\/editor\/#\/schema\/person\/image\/\",\"url\":\"https:\/\/luchonoticias.com\/editor\/wp-content\/uploads\/2024\/02\/cropped-cropped-logolu-150x150.webp\",\"contentUrl\":\"https:\/\/luchonoticias.com\/editor\/wp-content\/uploads\/2024\/02\/cropped-cropped-logolu-150x150.webp\",\"caption\":\"Editor General\"},\"sameAs\":[\"https:\/\/luchonoticias.com\/\"],\"url\":\"https:\/\/luchonoticias.com\/editor\/author\/editor-general\/\"}]}<\/script>\n<!-- \/ Yoast SEO plugin. -->","yoast_head_json":{"title":"Piden muerte pol\u00edtica de Ciro Ram\u00edrez -","robots":{"index":"index","follow":"follow","max-snippet":"max-snippet:-1","max-image-preview":"max-image-preview:large","max-video-preview":"max-video-preview:-1"},"canonical":"https:\/\/luchonoticias.com\/editor\/piden-muerte-politica-de-ciro-ramirez\/","og_locale":"es_ES","og_type":"article","og_title":"Piden muerte pol\u00edtica de Ciro Ram\u00edrez -","og_url":"https:\/\/luchonoticias.com\/editor\/piden-muerte-politica-de-ciro-ramirez\/","article_publisher":"https:\/\/www.facebook.com\/luchonoticiasneiva","article_published_time":"2026-05-02T18:50:14+00:00","article_modified_time":"2026-05-02T18:50:16+00:00","og_image":[{"width":700,"height":400,"url":"https:\/\/luchonoticias.com\/editor\/wp-content\/uploads\/2026\/05\/CIRO-RAMIREZ.jpg","type":"image\/jpeg"}],"author":"Editor General","twitter_card":"summary_large_image","twitter_misc":{"Escrito por":"Editor General","Tiempo de lectura":"3 minutos"},"schema":{"@context":"https:\/\/schema.org","@graph":[{"@type":"Article","@id":"https:\/\/luchonoticias.com\/editor\/piden-muerte-politica-de-ciro-ramirez\/#article","isPartOf":{"@id":"https:\/\/luchonoticias.com\/editor\/piden-muerte-politica-de-ciro-ramirez\/"},"author":{"name":"Editor General","@id":"https:\/\/luchonoticias.com\/editor\/#\/schema\/person\/29217990ddf6f14e35912b2866d591fb"},"headline":"Piden muerte pol\u00edtica de Ciro Ram\u00edrez","datePublished":"2026-05-02T18:50:14+00:00","dateModified":"2026-05-02T18:50:16+00:00","mainEntityOfPage":{"@id":"https:\/\/luchonoticias.com\/editor\/piden-muerte-politica-de-ciro-ramirez\/"},"wordCount":446,"publisher":{"@id":"https:\/\/luchonoticias.com\/editor\/#\/schema\/person\/7a7fd911f58561fd056dbac7b55af9cd"},"image":{"@id":"https:\/\/luchonoticias.com\/editor\/piden-muerte-politica-de-ciro-ramirez\/#primaryimage"},"thumbnailUrl":"https:\/\/luchonoticias.com\/editor\/wp-content\/uploads\/2026\/05\/CIRO-RAMIREZ.jpg","articleSection":["Actualidad","Nacional"],"inLanguage":"es"},{"@type":"WebPage","@id":"https:\/\/luchonoticias.com\/editor\/piden-muerte-politica-de-ciro-ramirez\/","url":"https:\/\/luchonoticias.com\/editor\/piden-muerte-politica-de-ciro-ramirez\/","name":"Piden muerte pol\u00edtica de Ciro Ram\u00edrez -","isPartOf":{"@id":"https:\/\/luchonoticias.com\/editor\/#website"},"primaryImageOfPage":{"@id":"https:\/\/luchonoticias.com\/editor\/piden-muerte-politica-de-ciro-ramirez\/#primaryimage"},"image":{"@id":"https:\/\/luchonoticias.com\/editor\/piden-muerte-politica-de-ciro-ramirez\/#primaryimage"},"thumbnailUrl":"https:\/\/luchonoticias.com\/editor\/wp-content\/uploads\/2026\/05\/CIRO-RAMIREZ.jpg","datePublished":"2026-05-02T18:50:14+00:00","dateModified":"2026-05-02T18:50:16+00:00","breadcrumb":{"@id":"https:\/\/luchonoticias.com\/editor\/piden-muerte-politica-de-ciro-ramirez\/#breadcrumb"},"inLanguage":"es","potentialAction":[{"@type":"ReadAction","target":["https:\/\/luchonoticias.com\/editor\/piden-muerte-politica-de-ciro-ramirez\/"]}]},{"@type":"ImageObject","inLanguage":"es","@id":"https:\/\/luchonoticias.com\/editor\/piden-muerte-politica-de-ciro-ramirez\/#primaryimage","url":"https:\/\/luchonoticias.com\/editor\/wp-content\/uploads\/2026\/05\/CIRO-RAMIREZ.jpg","contentUrl":"https:\/\/luchonoticias.com\/editor\/wp-content\/uploads\/2026\/05\/CIRO-RAMIREZ.jpg","width":700,"height":400},{"@type":"BreadcrumbList","@id":"https:\/\/luchonoticias.com\/editor\/piden-muerte-politica-de-ciro-ramirez\/#breadcrumb","itemListElement":[{"@type":"ListItem","position":1,"name":"Portada","item":"https:\/\/luchonoticias.com\/editor\/"},{"@type":"ListItem","position":2,"name":"Piden muerte pol\u00edtica de Ciro Ram\u00edrez"}]},{"@type":"WebSite","@id":"https:\/\/luchonoticias.com\/editor\/#website","url":"https:\/\/luchonoticias.com\/editor\/","name":"","description":"","publisher":{"@id":"https:\/\/luchonoticias.com\/editor\/#\/schema\/person\/7a7fd911f58561fd056dbac7b55af9cd"},"potentialAction":[{"@type":"SearchAction","target":{"@type":"EntryPoint","urlTemplate":"https:\/\/luchonoticias.com\/editor\/?s={search_term_string}"},"query-input":{"@type":"PropertyValueSpecification","valueRequired":true,"valueName":"search_term_string"}}],"inLanguage":"es"},{"@type":["Person","Organization"],"@id":"https:\/\/luchonoticias.com\/editor\/#\/schema\/person\/7a7fd911f58561fd056dbac7b55af9cd","name":"admin","image":{"@type":"ImageObject","inLanguage":"es","@id":"https:\/\/luchonoticias.com\/editor\/#\/schema\/person\/image\/","url":"https:\/\/luchonoticias.com\/editor\/wp-content\/uploads\/2024\/02\/cropped-cropped-logolu.webp","contentUrl":"https:\/\/luchonoticias.com\/editor\/wp-content\/uploads\/2024\/02\/cropped-cropped-logolu.webp","width":382,"height":170,"caption":"admin"},"logo":{"@id":"https:\/\/luchonoticias.com\/editor\/#\/schema\/person\/image\/"},"sameAs":["https:\/\/www.facebook.com\/luchonoticiasneiva"]},{"@type":"Person","@id":"https:\/\/luchonoticias.com\/editor\/#\/schema\/person\/29217990ddf6f14e35912b2866d591fb","name":"Editor General","image":{"@type":"ImageObject","inLanguage":"es","@id":"https:\/\/luchonoticias.com\/editor\/#\/schema\/person\/image\/","url":"https:\/\/luchonoticias.com\/editor\/wp-content\/uploads\/2024\/02\/cropped-cropped-logolu-150x150.webp","contentUrl":"https:\/\/luchonoticias.com\/editor\/wp-content\/uploads\/2024\/02\/cropped-cropped-logolu-150x150.webp","caption":"Editor General"},"sameAs":["https:\/\/luchonoticias.com\/"],"url":"https:\/\/luchonoticias.com\/editor\/author\/editor-general\/"}]}},"_links":{"self":[{"href":"https:\/\/luchonoticias.com\/editor\/wp-json\/wp\/v2\/posts\/97589","targetHints":{"allow":["GET"]}}],"collection":[{"href":"https:\/\/luchonoticias.com\/editor\/wp-json\/wp\/v2\/posts"}],"about":[{"href":"https:\/\/luchonoticias.com\/editor\/wp-json\/wp\/v2\/types\/post"}],"author":[{"embeddable":true,"href":"https:\/\/luchonoticias.com\/editor\/wp-json\/wp\/v2\/users\/2"}],"replies":[{"embeddable":true,"href":"https:\/\/luchonoticias.com\/editor\/wp-json\/wp\/v2\/comments?post=97589"}],"version-history":[{"count":1,"href":"https:\/\/luchonoticias.com\/editor\/wp-json\/wp\/v2\/posts\/97589\/revisions"}],"predecessor-version":[{"id":97591,"href":"https:\/\/luchonoticias.com\/editor\/wp-json\/wp\/v2\/posts\/97589\/revisions\/97591"}],"wp:featuredmedia":[{"embeddable":true,"href":"https:\/\/luchonoticias.com\/editor\/wp-json\/wp\/v2\/media\/97590"}],"wp:attachment":[{"href":"https:\/\/luchonoticias.com\/editor\/wp-json\/wp\/v2\/media?parent=97589"}],"wp:term":[{"taxonomy":"category","embeddable":true,"href":"https:\/\/luchonoticias.com\/editor\/wp-json\/wp\/v2\/categories?post=97589"},{"taxonomy":"post_tag","embeddable":true,"href":"https:\/\/luchonoticias.com\/editor\/wp-json\/wp\/v2\/tags?post=97589"}],"curies":[{"name":"wp","href":"https:\/\/api.w.org\/{rel}","templated":true}]}}