{"id":97603,"date":"2026-05-03T04:26:43","date_gmt":"2026-05-03T09:26:43","guid":{"rendered":"https:\/\/luchonoticias.com\/editor\/?p=97603"},"modified":"2026-05-03T04:26:44","modified_gmt":"2026-05-03T09:26:44","slug":"petro-en-desacuerdo-ante-posible-invasion-a-cuba","status":"publish","type":"post","link":"https:\/\/luchonoticias.com\/editor\/petro-en-desacuerdo-ante-posible-invasion-a-cuba\/","title":{"rendered":"Petro, en desacuerdo ante posible invasi\u00f3n a Cuba"},"content":{"rendered":"\n<p>El presidente Gustavo Petro se pronunci\u00f3 a trav\u00e9s de su cuenta en X sobre la posibilidad de una acci\u00f3n militar de Estados Unidos contra Cuba, frente a la cual expres\u00f3 su rechazo y pidi\u00f3 preservar la estabilidad en la regi\u00f3n.<\/p>\n\n\n\n<p>El mandatario advirti\u00f3 que un eventual ataque no solo afectar\u00eda a la isla gobernada por Miguel D\u00edaz-Canel, sino que tendr\u00eda repercusiones en toda Am\u00e9rica Latina. \u201cNo estoy de acuerdo con una agresi\u00f3n militar a Cuba porque eso es una agresi\u00f3n militar a Latinoam\u00e9rica\u201d, se\u00f1al\u00f3.<\/p>\n\n\n\n<p>Asimismo, reiter\u00f3 su postura sobre el papel del Caribe en el contexto internacional, al insistir en que debe mantenerse como una zona libre de conflictos armados. \u201cDijimos que el Caribe es una zona de paz y eso debe respetarse\u201d, escribi\u00f3.<\/p>\n\n\n\n<p>Petro tambi\u00e9n defendi\u00f3 el principio de soberan\u00eda, afirmando que \u201cson los cubanos y cubanas los \u00fanicos due\u00f1os de su pa\u00eds\u201d.<\/p>\n\n\n\n<p>\u201cEl continente americano vivir\u00e1 en paz si nadie pretende imponerse sobre los dem\u00e1s\u201d, concluy\u00f3.<\/p>\n","protected":false},"excerpt":{"rendered":"<p>El presidente Gustavo Petro se pronunci\u00f3 a trav\u00e9s de su cuenta en X sobre la posibilidad de una acci\u00f3n militar de Estados Unidos contra Cuba, frente a la cual expres\u00f3 su rechazo y pidi\u00f3 preservar la estabilidad en la regi\u00f3n. El mandatario advirti\u00f3 que un eventual ataque no solo afectar\u00eda a la isla gobernada por [&hellip;]<\/p>\n","protected":false},"author":2,"featured_media":97604,"comment_status":"closed","ping_status":"open","sticky":false,"template":"","format":"standard","meta":{"footnotes":""},"categories":[28,32],"tags":[],"class_list":["post-97603","post","type-post","status-publish","format-standard","has-post-thumbnail","hentry","category-actualidad","category-nacional"],"yoast_head":"<!-- This site is optimized with the Yoast SEO plugin v26.6 - https:\/\/yoast.com\/wordpress\/plugins\/seo\/ -->\n<title>Petro, en desacuerdo ante posible invasi\u00f3n a Cuba -<\/title>\n<meta name=\"robots\" content=\"index, follow, max-snippet:-1, max-image-preview:large, max-video-preview:-1\" \/>\n<link rel=\"canonical\" href=\"https:\/\/luchonoticias.com\/editor\/petro-en-desacuerdo-ante-posible-invasion-a-cuba\/\" \/>\n<meta property=\"og:locale\" content=\"es_ES\" \/>\n<meta property=\"og:type\" content=\"article\" \/>\n<meta property=\"og:title\" content=\"Petro, en desacuerdo ante posible invasi\u00f3n a Cuba -\" \/>\n<meta property=\"og:url\" content=\"https:\/\/luchonoticias.com\/editor\/petro-en-desacuerdo-ante-posible-invasion-a-cuba\/\" \/>\n<meta property=\"article:publisher\" content=\"https:\/\/www.facebook.com\/luchonoticiasneiva\" \/>\n<meta property=\"article:published_time\" content=\"2026-05-03T09:26:43+00:00\" \/>\n<meta property=\"article:modified_time\" content=\"2026-05-03T09:26:44+00:00\" \/>\n<meta property=\"og:image\" content=\"https:\/\/luchonoticias.com\/editor\/wp-content\/uploads\/2026\/05\/PETRO-TRUMP.jpg\" \/>\n\t<meta property=\"og:image:width\" content=\"700\" \/>\n\t<meta property=\"og:image:height\" content=\"400\" \/>\n\t<meta property=\"og:image:type\" content=\"image\/jpeg\" \/>\n<meta name=\"author\" content=\"Editor General\" \/>\n<meta name=\"twitter:card\" content=\"summary_large_image\" \/>\n<meta name=\"twitter:label1\" content=\"Escrito por\" \/>\n\t<meta name=\"twitter:data1\" content=\"Editor General\" \/>\n\t<meta name=\"twitter:label2\" content=\"Tiempo de lectura\" \/>\n\t<meta name=\"twitter:data2\" content=\"1 minuto\" \/>\n<script type=\"application\/ld+json\" class=\"yoast-schema-graph\">{\"@context\":\"https:\/\/schema.org\",\"@graph\":[{\"@type\":\"Article\",\"@id\":\"https:\/\/luchonoticias.com\/editor\/petro-en-desacuerdo-ante-posible-invasion-a-cuba\/#article\",\"isPartOf\":{\"@id\":\"https:\/\/luchonoticias.com\/editor\/petro-en-desacuerdo-ante-posible-invasion-a-cuba\/\"},\"author\":{\"name\":\"Editor General\",\"@id\":\"https:\/\/luchonoticias.com\/editor\/#\/schema\/person\/29217990ddf6f14e35912b2866d591fb\"},\"headline\":\"Petro, en desacuerdo ante posible invasi\u00f3n a Cuba\",\"datePublished\":\"2026-05-03T09:26:43+00:00\",\"dateModified\":\"2026-05-03T09:26:44+00:00\",\"mainEntityOfPage\":{\"@id\":\"https:\/\/luchonoticias.com\/editor\/petro-en-desacuerdo-ante-posible-invasion-a-cuba\/\"},\"wordCount\":183,\"publisher\":{\"@id\":\"https:\/\/luchonoticias.com\/editor\/#\/schema\/person\/7a7fd911f58561fd056dbac7b55af9cd\"},\"image\":{\"@id\":\"https:\/\/luchonoticias.com\/editor\/petro-en-desacuerdo-ante-posible-invasion-a-cuba\/#primaryimage\"},\"thumbnailUrl\":\"https:\/\/luchonoticias.com\/editor\/wp-content\/uploads\/2026\/05\/PETRO-TRUMP.jpg\",\"articleSection\":[\"Actualidad\",\"Nacional\"],\"inLanguage\":\"es\"},{\"@type\":\"WebPage\",\"@id\":\"https:\/\/luchonoticias.com\/editor\/petro-en-desacuerdo-ante-posible-invasion-a-cuba\/\",\"url\":\"https:\/\/luchonoticias.com\/editor\/petro-en-desacuerdo-ante-posible-invasion-a-cuba\/\",\"name\":\"Petro, en desacuerdo ante posible invasi\u00f3n a Cuba -\",\"isPartOf\":{\"@id\":\"https:\/\/luchonoticias.com\/editor\/#website\"},\"primaryImageOfPage\":{\"@id\":\"https:\/\/luchonoticias.com\/editor\/petro-en-desacuerdo-ante-posible-invasion-a-cuba\/#primaryimage\"},\"image\":{\"@id\":\"https:\/\/luchonoticias.com\/editor\/petro-en-desacuerdo-ante-posible-invasion-a-cuba\/#primaryimage\"},\"thumbnailUrl\":\"https:\/\/luchonoticias.com\/editor\/wp-content\/uploads\/2026\/05\/PETRO-TRUMP.jpg\",\"datePublished\":\"2026-05-03T09:26:43+00:00\",\"dateModified\":\"2026-05-03T09:26:44+00:00\",\"breadcrumb\":{\"@id\":\"https:\/\/luchonoticias.com\/editor\/petro-en-desacuerdo-ante-posible-invasion-a-cuba\/#breadcrumb\"},\"inLanguage\":\"es\",\"potentialAction\":[{\"@type\":\"ReadAction\",\"target\":[\"https:\/\/luchonoticias.com\/editor\/petro-en-desacuerdo-ante-posible-invasion-a-cuba\/\"]}]},{\"@type\":\"ImageObject\",\"inLanguage\":\"es\",\"@id\":\"https:\/\/luchonoticias.com\/editor\/petro-en-desacuerdo-ante-posible-invasion-a-cuba\/#primaryimage\",\"url\":\"https:\/\/luchonoticias.com\/editor\/wp-content\/uploads\/2026\/05\/PETRO-TRUMP.jpg\",\"contentUrl\":\"https:\/\/luchonoticias.com\/editor\/wp-content\/uploads\/2026\/05\/PETRO-TRUMP.jpg\",\"width\":700,\"height\":400},{\"@type\":\"BreadcrumbList\",\"@id\":\"https:\/\/luchonoticias.com\/editor\/petro-en-desacuerdo-ante-posible-invasion-a-cuba\/#breadcrumb\",\"itemListElement\":[{\"@type\":\"ListItem\",\"position\":1,\"name\":\"Portada\",\"item\":\"https:\/\/luchonoticias.com\/editor\/\"},{\"@type\":\"ListItem\",\"position\":2,\"name\":\"Petro, en desacuerdo ante posible invasi\u00f3n a Cuba\"}]},{\"@type\":\"WebSite\",\"@id\":\"https:\/\/luchonoticias.com\/editor\/#website\",\"url\":\"https:\/\/luchonoticias.com\/editor\/\",\"name\":\"\",\"description\":\"\",\"publisher\":{\"@id\":\"https:\/\/luchonoticias.com\/editor\/#\/schema\/person\/7a7fd911f58561fd056dbac7b55af9cd\"},\"potentialAction\":[{\"@type\":\"SearchAction\",\"target\":{\"@type\":\"EntryPoint\",\"urlTemplate\":\"https:\/\/luchonoticias.com\/editor\/?s={search_term_string}\"},\"query-input\":{\"@type\":\"PropertyValueSpecification\",\"valueRequired\":true,\"valueName\":\"search_term_string\"}}],\"inLanguage\":\"es\"},{\"@type\":[\"Person\",\"Organization\"],\"@id\":\"https:\/\/luchonoticias.com\/editor\/#\/schema\/person\/7a7fd911f58561fd056dbac7b55af9cd\",\"name\":\"admin\",\"image\":{\"@type\":\"ImageObject\",\"inLanguage\":\"es\",\"@id\":\"https:\/\/luchonoticias.com\/editor\/#\/schema\/person\/image\/\",\"url\":\"https:\/\/luchonoticias.com\/editor\/wp-content\/uploads\/2024\/02\/cropped-cropped-logolu.webp\",\"contentUrl\":\"https:\/\/luchonoticias.com\/editor\/wp-content\/uploads\/2024\/02\/cropped-cropped-logolu.webp\",\"width\":382,\"height\":170,\"caption\":\"admin\"},\"logo\":{\"@id\":\"https:\/\/luchonoticias.com\/editor\/#\/schema\/person\/image\/\"},\"sameAs\":[\"https:\/\/www.facebook.com\/luchonoticiasneiva\"]},{\"@type\":\"Person\",\"@id\":\"https:\/\/luchonoticias.com\/editor\/#\/schema\/person\/29217990ddf6f14e35912b2866d591fb\",\"name\":\"Editor General\",\"image\":{\"@type\":\"ImageObject\",\"inLanguage\":\"es\",\"@id\":\"https:\/\/luchonoticias.com\/editor\/#\/schema\/person\/image\/\",\"url\":\"https:\/\/luchonoticias.com\/editor\/wp-content\/uploads\/2024\/02\/cropped-cropped-logolu-150x150.webp\",\"contentUrl\":\"https:\/\/luchonoticias.com\/editor\/wp-content\/uploads\/2024\/02\/cropped-cropped-logolu-150x150.webp\",\"caption\":\"Editor General\"},\"sameAs\":[\"https:\/\/luchonoticias.com\/\"],\"url\":\"https:\/\/luchonoticias.com\/editor\/author\/editor-general\/\"}]}<\/script>\n<!-- \/ Yoast SEO plugin. -->","yoast_head_json":{"title":"Petro, en desacuerdo ante posible invasi\u00f3n a Cuba -","robots":{"index":"index","follow":"follow","max-snippet":"max-snippet:-1","max-image-preview":"max-image-preview:large","max-video-preview":"max-video-preview:-1"},"canonical":"https:\/\/luchonoticias.com\/editor\/petro-en-desacuerdo-ante-posible-invasion-a-cuba\/","og_locale":"es_ES","og_type":"article","og_title":"Petro, en desacuerdo ante posible invasi\u00f3n a Cuba -","og_url":"https:\/\/luchonoticias.com\/editor\/petro-en-desacuerdo-ante-posible-invasion-a-cuba\/","article_publisher":"https:\/\/www.facebook.com\/luchonoticiasneiva","article_published_time":"2026-05-03T09:26:43+00:00","article_modified_time":"2026-05-03T09:26:44+00:00","og_image":[{"width":700,"height":400,"url":"https:\/\/luchonoticias.com\/editor\/wp-content\/uploads\/2026\/05\/PETRO-TRUMP.jpg","type":"image\/jpeg"}],"author":"Editor General","twitter_card":"summary_large_image","twitter_misc":{"Escrito por":"Editor General","Tiempo de lectura":"1 minuto"},"schema":{"@context":"https:\/\/schema.org","@graph":[{"@type":"Article","@id":"https:\/\/luchonoticias.com\/editor\/petro-en-desacuerdo-ante-posible-invasion-a-cuba\/#article","isPartOf":{"@id":"https:\/\/luchonoticias.com\/editor\/petro-en-desacuerdo-ante-posible-invasion-a-cuba\/"},"author":{"name":"Editor General","@id":"https:\/\/luchonoticias.com\/editor\/#\/schema\/person\/29217990ddf6f14e35912b2866d591fb"},"headline":"Petro, en desacuerdo ante posible invasi\u00f3n a Cuba","datePublished":"2026-05-03T09:26:43+00:00","dateModified":"2026-05-03T09:26:44+00:00","mainEntityOfPage":{"@id":"https:\/\/luchonoticias.com\/editor\/petro-en-desacuerdo-ante-posible-invasion-a-cuba\/"},"wordCount":183,"publisher":{"@id":"https:\/\/luchonoticias.com\/editor\/#\/schema\/person\/7a7fd911f58561fd056dbac7b55af9cd"},"image":{"@id":"https:\/\/luchonoticias.com\/editor\/petro-en-desacuerdo-ante-posible-invasion-a-cuba\/#primaryimage"},"thumbnailUrl":"https:\/\/luchonoticias.com\/editor\/wp-content\/uploads\/2026\/05\/PETRO-TRUMP.jpg","articleSection":["Actualidad","Nacional"],"inLanguage":"es"},{"@type":"WebPage","@id":"https:\/\/luchonoticias.com\/editor\/petro-en-desacuerdo-ante-posible-invasion-a-cuba\/","url":"https:\/\/luchonoticias.com\/editor\/petro-en-desacuerdo-ante-posible-invasion-a-cuba\/","name":"Petro, en desacuerdo ante posible invasi\u00f3n a Cuba -","isPartOf":{"@id":"https:\/\/luchonoticias.com\/editor\/#website"},"primaryImageOfPage":{"@id":"https:\/\/luchonoticias.com\/editor\/petro-en-desacuerdo-ante-posible-invasion-a-cuba\/#primaryimage"},"image":{"@id":"https:\/\/luchonoticias.com\/editor\/petro-en-desacuerdo-ante-posible-invasion-a-cuba\/#primaryimage"},"thumbnailUrl":"https:\/\/luchonoticias.com\/editor\/wp-content\/uploads\/2026\/05\/PETRO-TRUMP.jpg","datePublished":"2026-05-03T09:26:43+00:00","dateModified":"2026-05-03T09:26:44+00:00","breadcrumb":{"@id":"https:\/\/luchonoticias.com\/editor\/petro-en-desacuerdo-ante-posible-invasion-a-cuba\/#breadcrumb"},"inLanguage":"es","potentialAction":[{"@type":"ReadAction","target":["https:\/\/luchonoticias.com\/editor\/petro-en-desacuerdo-ante-posible-invasion-a-cuba\/"]}]},{"@type":"ImageObject","inLanguage":"es","@id":"https:\/\/luchonoticias.com\/editor\/petro-en-desacuerdo-ante-posible-invasion-a-cuba\/#primaryimage","url":"https:\/\/luchonoticias.com\/editor\/wp-content\/uploads\/2026\/05\/PETRO-TRUMP.jpg","contentUrl":"https:\/\/luchonoticias.com\/editor\/wp-content\/uploads\/2026\/05\/PETRO-TRUMP.jpg","width":700,"height":400},{"@type":"BreadcrumbList","@id":"https:\/\/luchonoticias.com\/editor\/petro-en-desacuerdo-ante-posible-invasion-a-cuba\/#breadcrumb","itemListElement":[{"@type":"ListItem","position":1,"name":"Portada","item":"https:\/\/luchonoticias.com\/editor\/"},{"@type":"ListItem","position":2,"name":"Petro, en desacuerdo ante posible invasi\u00f3n a Cuba"}]},{"@type":"WebSite","@id":"https:\/\/luchonoticias.com\/editor\/#website","url":"https:\/\/luchonoticias.com\/editor\/","name":"","description":"","publisher":{"@id":"https:\/\/luchonoticias.com\/editor\/#\/schema\/person\/7a7fd911f58561fd056dbac7b55af9cd"},"potentialAction":[{"@type":"SearchAction","target":{"@type":"EntryPoint","urlTemplate":"https:\/\/luchonoticias.com\/editor\/?s={search_term_string}"},"query-input":{"@type":"PropertyValueSpecification","valueRequired":true,"valueName":"search_term_string"}}],"inLanguage":"es"},{"@type":["Person","Organization"],"@id":"https:\/\/luchonoticias.com\/editor\/#\/schema\/person\/7a7fd911f58561fd056dbac7b55af9cd","name":"admin","image":{"@type":"ImageObject","inLanguage":"es","@id":"https:\/\/luchonoticias.com\/editor\/#\/schema\/person\/image\/","url":"https:\/\/luchonoticias.com\/editor\/wp-content\/uploads\/2024\/02\/cropped-cropped-logolu.webp","contentUrl":"https:\/\/luchonoticias.com\/editor\/wp-content\/uploads\/2024\/02\/cropped-cropped-logolu.webp","width":382,"height":170,"caption":"admin"},"logo":{"@id":"https:\/\/luchonoticias.com\/editor\/#\/schema\/person\/image\/"},"sameAs":["https:\/\/www.facebook.com\/luchonoticiasneiva"]},{"@type":"Person","@id":"https:\/\/luchonoticias.com\/editor\/#\/schema\/person\/29217990ddf6f14e35912b2866d591fb","name":"Editor General","image":{"@type":"ImageObject","inLanguage":"es","@id":"https:\/\/luchonoticias.com\/editor\/#\/schema\/person\/image\/","url":"https:\/\/luchonoticias.com\/editor\/wp-content\/uploads\/2024\/02\/cropped-cropped-logolu-150x150.webp","contentUrl":"https:\/\/luchonoticias.com\/editor\/wp-content\/uploads\/2024\/02\/cropped-cropped-logolu-150x150.webp","caption":"Editor General"},"sameAs":["https:\/\/luchonoticias.com\/"],"url":"https:\/\/luchonoticias.com\/editor\/author\/editor-general\/"}]}},"_links":{"self":[{"href":"https:\/\/luchonoticias.com\/editor\/wp-json\/wp\/v2\/posts\/97603","targetHints":{"allow":["GET"]}}],"collection":[{"href":"https:\/\/luchonoticias.com\/editor\/wp-json\/wp\/v2\/posts"}],"about":[{"href":"https:\/\/luchonoticias.com\/editor\/wp-json\/wp\/v2\/types\/post"}],"author":[{"embeddable":true,"href":"https:\/\/luchonoticias.com\/editor\/wp-json\/wp\/v2\/users\/2"}],"replies":[{"embeddable":true,"href":"https:\/\/luchonoticias.com\/editor\/wp-json\/wp\/v2\/comments?post=97603"}],"version-history":[{"count":1,"href":"https:\/\/luchonoticias.com\/editor\/wp-json\/wp\/v2\/posts\/97603\/revisions"}],"predecessor-version":[{"id":97605,"href":"https:\/\/luchonoticias.com\/editor\/wp-json\/wp\/v2\/posts\/97603\/revisions\/97605"}],"wp:featuredmedia":[{"embeddable":true,"href":"https:\/\/luchonoticias.com\/editor\/wp-json\/wp\/v2\/media\/97604"}],"wp:attachment":[{"href":"https:\/\/luchonoticias.com\/editor\/wp-json\/wp\/v2\/media?parent=97603"}],"wp:term":[{"taxonomy":"category","embeddable":true,"href":"https:\/\/luchonoticias.com\/editor\/wp-json\/wp\/v2\/categories?post=97603"},{"taxonomy":"post_tag","embeddable":true,"href":"https:\/\/luchonoticias.com\/editor\/wp-json\/wp\/v2\/tags?post=97603"}],"curies":[{"name":"wp","href":"https:\/\/api.w.org\/{rel}","templated":true}]}}