{"id":97606,"date":"2026-05-03T04:31:22","date_gmt":"2026-05-03T09:31:22","guid":{"rendered":"https:\/\/luchonoticias.com\/editor\/?p=97606"},"modified":"2026-05-03T04:31:23","modified_gmt":"2026-05-03T09:31:23","slug":"cne-le-pone-la-lupa-a-de-la-espriella","status":"publish","type":"post","link":"https:\/\/luchonoticias.com\/editor\/cne-le-pone-la-lupa-a-de-la-espriella\/","title":{"rendered":"CNE le pone la lupa a De la Espriella"},"content":{"rendered":"\n<p>El Consejo Nacional Electoral (CNE) inform\u00f3 sobre una solicitud que busca revocar la inscripci\u00f3n del candidato presidencial Abelardo de la Espriella, en el marco de las elecciones del pr\u00f3ximo 31 de mayo, tras una petici\u00f3n ciudadana que pone en duda la validez de los apoyos presentados para su candidatura.<\/p>\n\n\n\n<p>Seg\u00fan el auto, el CNE consider\u00f3 necesario recaudar y verificar el material probatorio que permita esclarecer los hechos se\u00f1alados, por lo que orden\u00f3 la pr\u00e1ctica de pruebas antes de adoptar una decisi\u00f3n de fondo. En ese contexto, solicit\u00f3 a la Registradur\u00eda Nacional del Estado Civil certificar el n\u00famero total de firmas entregadas, cu\u00e1ntas fueron v\u00e1lidas y, en caso de inconsistencias, explicar las razones de su anulaci\u00f3n.<\/p>\n\n\n\n<p>La solicitud de revocatoria fue presentada por el ciudadano Marceliano Julio Fonseca Bol\u00edvar, quien sostiene que la inscripci\u00f3n del candidato se habr\u00eda realizado con documentos falsos y firmas que no corresponder\u00edan a los ciudadanos, lo que, a su juicio, vulnera el principio de buena fe.<\/p>\n\n\n\n<p>Adem\u00e1s de requerir informaci\u00f3n a la Registradur\u00eda, el CNE pidi\u00f3 al candidato y al comit\u00e9 inscriptor del grupo significativo de ciudadanos \u201cDefensores de la Patria\u201d que se pronuncien sobre los hechos. Tambi\u00e9n solicit\u00f3 al denunciante precisar la causal de revocatoria y aportar las pruebas que respalden sus se\u00f1alamientos.<\/p>\n\n\n\n<p>El tribunal electoral record\u00f3 que tiene la facultad de revocar inscripciones cuando exista plena prueba de una causal de inhabilidad, aunque subray\u00f3 que cualquier decisi\u00f3n debe respetar el debido proceso y el calendario electoral vigente.<\/p>\n\n\n\n<p>Por ahora, el caso se encuentra en etapa probatoria y no implica una decisi\u00f3n definitiva sobre la candidatura de De la Espriella.<\/p>\n","protected":false},"excerpt":{"rendered":"<p>El Consejo Nacional Electoral (CNE) inform\u00f3 sobre una solicitud que busca revocar la inscripci\u00f3n del candidato presidencial Abelardo de la Espriella, en el marco de las elecciones del pr\u00f3ximo 31 de mayo, tras una petici\u00f3n ciudadana que pone en duda la validez de los apoyos presentados para su candidatura. Seg\u00fan el auto, el CNE consider\u00f3 [&hellip;]<\/p>\n","protected":false},"author":2,"featured_media":97607,"comment_status":"closed","ping_status":"open","sticky":false,"template":"","format":"standard","meta":{"footnotes":""},"categories":[28,32],"tags":[],"class_list":["post-97606","post","type-post","status-publish","format-standard","has-post-thumbnail","hentry","category-actualidad","category-nacional"],"yoast_head":"<!-- This site is optimized with the Yoast SEO plugin v26.6 - https:\/\/yoast.com\/wordpress\/plugins\/seo\/ -->\n<title>CNE le pone la lupa a De la Espriella -<\/title>\n<meta name=\"robots\" content=\"index, follow, max-snippet:-1, max-image-preview:large, max-video-preview:-1\" \/>\n<link rel=\"canonical\" href=\"https:\/\/luchonoticias.com\/editor\/cne-le-pone-la-lupa-a-de-la-espriella\/\" \/>\n<meta property=\"og:locale\" content=\"es_ES\" \/>\n<meta property=\"og:type\" content=\"article\" \/>\n<meta property=\"og:title\" content=\"CNE le pone la lupa a De la Espriella -\" \/>\n<meta property=\"og:url\" content=\"https:\/\/luchonoticias.com\/editor\/cne-le-pone-la-lupa-a-de-la-espriella\/\" \/>\n<meta property=\"article:publisher\" content=\"https:\/\/www.facebook.com\/luchonoticiasneiva\" \/>\n<meta property=\"article:published_time\" content=\"2026-05-03T09:31:22+00:00\" \/>\n<meta property=\"article:modified_time\" content=\"2026-05-03T09:31:23+00:00\" \/>\n<meta property=\"og:image\" content=\"https:\/\/luchonoticias.com\/editor\/wp-content\/uploads\/2026\/05\/de-la-espriella.jpg\" \/>\n\t<meta property=\"og:image:width\" content=\"700\" \/>\n\t<meta property=\"og:image:height\" content=\"400\" \/>\n\t<meta property=\"og:image:type\" content=\"image\/jpeg\" \/>\n<meta name=\"author\" content=\"Editor General\" \/>\n<meta name=\"twitter:card\" content=\"summary_large_image\" \/>\n<meta name=\"twitter:label1\" content=\"Escrito por\" \/>\n\t<meta name=\"twitter:data1\" content=\"Editor General\" \/>\n\t<meta name=\"twitter:label2\" content=\"Tiempo de lectura\" \/>\n\t<meta name=\"twitter:data2\" content=\"2 minutos\" \/>\n<script type=\"application\/ld+json\" class=\"yoast-schema-graph\">{\"@context\":\"https:\/\/schema.org\",\"@graph\":[{\"@type\":\"Article\",\"@id\":\"https:\/\/luchonoticias.com\/editor\/cne-le-pone-la-lupa-a-de-la-espriella\/#article\",\"isPartOf\":{\"@id\":\"https:\/\/luchonoticias.com\/editor\/cne-le-pone-la-lupa-a-de-la-espriella\/\"},\"author\":{\"name\":\"Editor General\",\"@id\":\"https:\/\/luchonoticias.com\/editor\/#\/schema\/person\/29217990ddf6f14e35912b2866d591fb\"},\"headline\":\"CNE le pone la lupa a De la Espriella\",\"datePublished\":\"2026-05-03T09:31:22+00:00\",\"dateModified\":\"2026-05-03T09:31:23+00:00\",\"mainEntityOfPage\":{\"@id\":\"https:\/\/luchonoticias.com\/editor\/cne-le-pone-la-lupa-a-de-la-espriella\/\"},\"wordCount\":296,\"publisher\":{\"@id\":\"https:\/\/luchonoticias.com\/editor\/#\/schema\/person\/7a7fd911f58561fd056dbac7b55af9cd\"},\"image\":{\"@id\":\"https:\/\/luchonoticias.com\/editor\/cne-le-pone-la-lupa-a-de-la-espriella\/#primaryimage\"},\"thumbnailUrl\":\"https:\/\/luchonoticias.com\/editor\/wp-content\/uploads\/2026\/05\/de-la-espriella.jpg\",\"articleSection\":[\"Actualidad\",\"Nacional\"],\"inLanguage\":\"es\"},{\"@type\":\"WebPage\",\"@id\":\"https:\/\/luchonoticias.com\/editor\/cne-le-pone-la-lupa-a-de-la-espriella\/\",\"url\":\"https:\/\/luchonoticias.com\/editor\/cne-le-pone-la-lupa-a-de-la-espriella\/\",\"name\":\"CNE le pone la lupa a De la Espriella -\",\"isPartOf\":{\"@id\":\"https:\/\/luchonoticias.com\/editor\/#website\"},\"primaryImageOfPage\":{\"@id\":\"https:\/\/luchonoticias.com\/editor\/cne-le-pone-la-lupa-a-de-la-espriella\/#primaryimage\"},\"image\":{\"@id\":\"https:\/\/luchonoticias.com\/editor\/cne-le-pone-la-lupa-a-de-la-espriella\/#primaryimage\"},\"thumbnailUrl\":\"https:\/\/luchonoticias.com\/editor\/wp-content\/uploads\/2026\/05\/de-la-espriella.jpg\",\"datePublished\":\"2026-05-03T09:31:22+00:00\",\"dateModified\":\"2026-05-03T09:31:23+00:00\",\"breadcrumb\":{\"@id\":\"https:\/\/luchonoticias.com\/editor\/cne-le-pone-la-lupa-a-de-la-espriella\/#breadcrumb\"},\"inLanguage\":\"es\",\"potentialAction\":[{\"@type\":\"ReadAction\",\"target\":[\"https:\/\/luchonoticias.com\/editor\/cne-le-pone-la-lupa-a-de-la-espriella\/\"]}]},{\"@type\":\"ImageObject\",\"inLanguage\":\"es\",\"@id\":\"https:\/\/luchonoticias.com\/editor\/cne-le-pone-la-lupa-a-de-la-espriella\/#primaryimage\",\"url\":\"https:\/\/luchonoticias.com\/editor\/wp-content\/uploads\/2026\/05\/de-la-espriella.jpg\",\"contentUrl\":\"https:\/\/luchonoticias.com\/editor\/wp-content\/uploads\/2026\/05\/de-la-espriella.jpg\",\"width\":700,\"height\":400},{\"@type\":\"BreadcrumbList\",\"@id\":\"https:\/\/luchonoticias.com\/editor\/cne-le-pone-la-lupa-a-de-la-espriella\/#breadcrumb\",\"itemListElement\":[{\"@type\":\"ListItem\",\"position\":1,\"name\":\"Portada\",\"item\":\"https:\/\/luchonoticias.com\/editor\/\"},{\"@type\":\"ListItem\",\"position\":2,\"name\":\"CNE le pone la lupa a De la Espriella\"}]},{\"@type\":\"WebSite\",\"@id\":\"https:\/\/luchonoticias.com\/editor\/#website\",\"url\":\"https:\/\/luchonoticias.com\/editor\/\",\"name\":\"\",\"description\":\"\",\"publisher\":{\"@id\":\"https:\/\/luchonoticias.com\/editor\/#\/schema\/person\/7a7fd911f58561fd056dbac7b55af9cd\"},\"potentialAction\":[{\"@type\":\"SearchAction\",\"target\":{\"@type\":\"EntryPoint\",\"urlTemplate\":\"https:\/\/luchonoticias.com\/editor\/?s={search_term_string}\"},\"query-input\":{\"@type\":\"PropertyValueSpecification\",\"valueRequired\":true,\"valueName\":\"search_term_string\"}}],\"inLanguage\":\"es\"},{\"@type\":[\"Person\",\"Organization\"],\"@id\":\"https:\/\/luchonoticias.com\/editor\/#\/schema\/person\/7a7fd911f58561fd056dbac7b55af9cd\",\"name\":\"admin\",\"image\":{\"@type\":\"ImageObject\",\"inLanguage\":\"es\",\"@id\":\"https:\/\/luchonoticias.com\/editor\/#\/schema\/person\/image\/\",\"url\":\"https:\/\/luchonoticias.com\/editor\/wp-content\/uploads\/2024\/02\/cropped-cropped-logolu.webp\",\"contentUrl\":\"https:\/\/luchonoticias.com\/editor\/wp-content\/uploads\/2024\/02\/cropped-cropped-logolu.webp\",\"width\":382,\"height\":170,\"caption\":\"admin\"},\"logo\":{\"@id\":\"https:\/\/luchonoticias.com\/editor\/#\/schema\/person\/image\/\"},\"sameAs\":[\"https:\/\/www.facebook.com\/luchonoticiasneiva\"]},{\"@type\":\"Person\",\"@id\":\"https:\/\/luchonoticias.com\/editor\/#\/schema\/person\/29217990ddf6f14e35912b2866d591fb\",\"name\":\"Editor General\",\"image\":{\"@type\":\"ImageObject\",\"inLanguage\":\"es\",\"@id\":\"https:\/\/luchonoticias.com\/editor\/#\/schema\/person\/image\/\",\"url\":\"https:\/\/luchonoticias.com\/editor\/wp-content\/uploads\/2024\/02\/cropped-cropped-logolu-150x150.webp\",\"contentUrl\":\"https:\/\/luchonoticias.com\/editor\/wp-content\/uploads\/2024\/02\/cropped-cropped-logolu-150x150.webp\",\"caption\":\"Editor General\"},\"sameAs\":[\"https:\/\/luchonoticias.com\/\"],\"url\":\"https:\/\/luchonoticias.com\/editor\/author\/editor-general\/\"}]}<\/script>\n<!-- \/ Yoast SEO plugin. -->","yoast_head_json":{"title":"CNE le pone la lupa a De la Espriella -","robots":{"index":"index","follow":"follow","max-snippet":"max-snippet:-1","max-image-preview":"max-image-preview:large","max-video-preview":"max-video-preview:-1"},"canonical":"https:\/\/luchonoticias.com\/editor\/cne-le-pone-la-lupa-a-de-la-espriella\/","og_locale":"es_ES","og_type":"article","og_title":"CNE le pone la lupa a De la Espriella -","og_url":"https:\/\/luchonoticias.com\/editor\/cne-le-pone-la-lupa-a-de-la-espriella\/","article_publisher":"https:\/\/www.facebook.com\/luchonoticiasneiva","article_published_time":"2026-05-03T09:31:22+00:00","article_modified_time":"2026-05-03T09:31:23+00:00","og_image":[{"width":700,"height":400,"url":"https:\/\/luchonoticias.com\/editor\/wp-content\/uploads\/2026\/05\/de-la-espriella.jpg","type":"image\/jpeg"}],"author":"Editor General","twitter_card":"summary_large_image","twitter_misc":{"Escrito por":"Editor General","Tiempo de lectura":"2 minutos"},"schema":{"@context":"https:\/\/schema.org","@graph":[{"@type":"Article","@id":"https:\/\/luchonoticias.com\/editor\/cne-le-pone-la-lupa-a-de-la-espriella\/#article","isPartOf":{"@id":"https:\/\/luchonoticias.com\/editor\/cne-le-pone-la-lupa-a-de-la-espriella\/"},"author":{"name":"Editor General","@id":"https:\/\/luchonoticias.com\/editor\/#\/schema\/person\/29217990ddf6f14e35912b2866d591fb"},"headline":"CNE le pone la lupa a De la Espriella","datePublished":"2026-05-03T09:31:22+00:00","dateModified":"2026-05-03T09:31:23+00:00","mainEntityOfPage":{"@id":"https:\/\/luchonoticias.com\/editor\/cne-le-pone-la-lupa-a-de-la-espriella\/"},"wordCount":296,"publisher":{"@id":"https:\/\/luchonoticias.com\/editor\/#\/schema\/person\/7a7fd911f58561fd056dbac7b55af9cd"},"image":{"@id":"https:\/\/luchonoticias.com\/editor\/cne-le-pone-la-lupa-a-de-la-espriella\/#primaryimage"},"thumbnailUrl":"https:\/\/luchonoticias.com\/editor\/wp-content\/uploads\/2026\/05\/de-la-espriella.jpg","articleSection":["Actualidad","Nacional"],"inLanguage":"es"},{"@type":"WebPage","@id":"https:\/\/luchonoticias.com\/editor\/cne-le-pone-la-lupa-a-de-la-espriella\/","url":"https:\/\/luchonoticias.com\/editor\/cne-le-pone-la-lupa-a-de-la-espriella\/","name":"CNE le pone la lupa a De la Espriella -","isPartOf":{"@id":"https:\/\/luchonoticias.com\/editor\/#website"},"primaryImageOfPage":{"@id":"https:\/\/luchonoticias.com\/editor\/cne-le-pone-la-lupa-a-de-la-espriella\/#primaryimage"},"image":{"@id":"https:\/\/luchonoticias.com\/editor\/cne-le-pone-la-lupa-a-de-la-espriella\/#primaryimage"},"thumbnailUrl":"https:\/\/luchonoticias.com\/editor\/wp-content\/uploads\/2026\/05\/de-la-espriella.jpg","datePublished":"2026-05-03T09:31:22+00:00","dateModified":"2026-05-03T09:31:23+00:00","breadcrumb":{"@id":"https:\/\/luchonoticias.com\/editor\/cne-le-pone-la-lupa-a-de-la-espriella\/#breadcrumb"},"inLanguage":"es","potentialAction":[{"@type":"ReadAction","target":["https:\/\/luchonoticias.com\/editor\/cne-le-pone-la-lupa-a-de-la-espriella\/"]}]},{"@type":"ImageObject","inLanguage":"es","@id":"https:\/\/luchonoticias.com\/editor\/cne-le-pone-la-lupa-a-de-la-espriella\/#primaryimage","url":"https:\/\/luchonoticias.com\/editor\/wp-content\/uploads\/2026\/05\/de-la-espriella.jpg","contentUrl":"https:\/\/luchonoticias.com\/editor\/wp-content\/uploads\/2026\/05\/de-la-espriella.jpg","width":700,"height":400},{"@type":"BreadcrumbList","@id":"https:\/\/luchonoticias.com\/editor\/cne-le-pone-la-lupa-a-de-la-espriella\/#breadcrumb","itemListElement":[{"@type":"ListItem","position":1,"name":"Portada","item":"https:\/\/luchonoticias.com\/editor\/"},{"@type":"ListItem","position":2,"name":"CNE le pone la lupa a De la Espriella"}]},{"@type":"WebSite","@id":"https:\/\/luchonoticias.com\/editor\/#website","url":"https:\/\/luchonoticias.com\/editor\/","name":"","description":"","publisher":{"@id":"https:\/\/luchonoticias.com\/editor\/#\/schema\/person\/7a7fd911f58561fd056dbac7b55af9cd"},"potentialAction":[{"@type":"SearchAction","target":{"@type":"EntryPoint","urlTemplate":"https:\/\/luchonoticias.com\/editor\/?s={search_term_string}"},"query-input":{"@type":"PropertyValueSpecification","valueRequired":true,"valueName":"search_term_string"}}],"inLanguage":"es"},{"@type":["Person","Organization"],"@id":"https:\/\/luchonoticias.com\/editor\/#\/schema\/person\/7a7fd911f58561fd056dbac7b55af9cd","name":"admin","image":{"@type":"ImageObject","inLanguage":"es","@id":"https:\/\/luchonoticias.com\/editor\/#\/schema\/person\/image\/","url":"https:\/\/luchonoticias.com\/editor\/wp-content\/uploads\/2024\/02\/cropped-cropped-logolu.webp","contentUrl":"https:\/\/luchonoticias.com\/editor\/wp-content\/uploads\/2024\/02\/cropped-cropped-logolu.webp","width":382,"height":170,"caption":"admin"},"logo":{"@id":"https:\/\/luchonoticias.com\/editor\/#\/schema\/person\/image\/"},"sameAs":["https:\/\/www.facebook.com\/luchonoticiasneiva"]},{"@type":"Person","@id":"https:\/\/luchonoticias.com\/editor\/#\/schema\/person\/29217990ddf6f14e35912b2866d591fb","name":"Editor General","image":{"@type":"ImageObject","inLanguage":"es","@id":"https:\/\/luchonoticias.com\/editor\/#\/schema\/person\/image\/","url":"https:\/\/luchonoticias.com\/editor\/wp-content\/uploads\/2024\/02\/cropped-cropped-logolu-150x150.webp","contentUrl":"https:\/\/luchonoticias.com\/editor\/wp-content\/uploads\/2024\/02\/cropped-cropped-logolu-150x150.webp","caption":"Editor General"},"sameAs":["https:\/\/luchonoticias.com\/"],"url":"https:\/\/luchonoticias.com\/editor\/author\/editor-general\/"}]}},"_links":{"self":[{"href":"https:\/\/luchonoticias.com\/editor\/wp-json\/wp\/v2\/posts\/97606","targetHints":{"allow":["GET"]}}],"collection":[{"href":"https:\/\/luchonoticias.com\/editor\/wp-json\/wp\/v2\/posts"}],"about":[{"href":"https:\/\/luchonoticias.com\/editor\/wp-json\/wp\/v2\/types\/post"}],"author":[{"embeddable":true,"href":"https:\/\/luchonoticias.com\/editor\/wp-json\/wp\/v2\/users\/2"}],"replies":[{"embeddable":true,"href":"https:\/\/luchonoticias.com\/editor\/wp-json\/wp\/v2\/comments?post=97606"}],"version-history":[{"count":1,"href":"https:\/\/luchonoticias.com\/editor\/wp-json\/wp\/v2\/posts\/97606\/revisions"}],"predecessor-version":[{"id":97608,"href":"https:\/\/luchonoticias.com\/editor\/wp-json\/wp\/v2\/posts\/97606\/revisions\/97608"}],"wp:featuredmedia":[{"embeddable":true,"href":"https:\/\/luchonoticias.com\/editor\/wp-json\/wp\/v2\/media\/97607"}],"wp:attachment":[{"href":"https:\/\/luchonoticias.com\/editor\/wp-json\/wp\/v2\/media?parent=97606"}],"wp:term":[{"taxonomy":"category","embeddable":true,"href":"https:\/\/luchonoticias.com\/editor\/wp-json\/wp\/v2\/categories?post=97606"},{"taxonomy":"post_tag","embeddable":true,"href":"https:\/\/luchonoticias.com\/editor\/wp-json\/wp\/v2\/tags?post=97606"}],"curies":[{"name":"wp","href":"https:\/\/api.w.org\/{rel}","templated":true}]}}