{"id":97612,"date":"2026-05-03T04:45:39","date_gmt":"2026-05-03T09:45:39","guid":{"rendered":"https:\/\/luchonoticias.com\/editor\/?p=97612"},"modified":"2026-05-03T04:45:40","modified_gmt":"2026-05-03T09:45:40","slug":"flores-colombianas-listas-para-el-dia-de-la-madre","status":"publish","type":"post","link":"https:\/\/luchonoticias.com\/editor\/flores-colombianas-listas-para-el-dia-de-la-madre\/","title":{"rendered":"Flores colombianas, listas para el D\u00eda de la Madre"},"content":{"rendered":"\n<p>Con la llegada de la temporada del D\u00eda de la Madre, la segunda fecha m\u00e1s importante para la floricultura colombiana despu\u00e9s de San Valent\u00edn, el Instituto Colombiano Agropecuario reafirm\u00f3 su papel como aliado estrat\u00e9gico del sector. Para esta celebraci\u00f3n, se proyecta la exportaci\u00f3n de m\u00e1s de 61.000 toneladas de flores, lo que representar\u00eda ingresos cercanos a los 430 millones de d\u00f3lares para el pa\u00eds.<\/p>\n\n\n\n<p>El posicionamiento de las flores colombianas en m\u00e1s de 100 destinos internacionales responde a estrictos procesos de inspecci\u00f3n y control. Seg\u00fan el Instituto, actualmente hay 1.042 empresas exportadoras y 5.239 lugares de producci\u00f3n registrados, que han recibido acompa\u00f1amiento t\u00e9cnico en m\u00e1s de 2.800 visitas realizadas entre 2025 y los primeros meses de 2026. Este seguimiento ha contribuido a consolidar a Colombia como el principal exportador mundial de claveles y un proveedor clave en mercados exigentes como Estados Unidos, Canad\u00e1 y Jap\u00f3n.<\/p>\n\n\n\n<p>El sector floricultor, que aporta el 5,8 % de la producci\u00f3n agropecuaria nacional, mantiene una tendencia de crecimiento. En 2025 cerr\u00f3 con 340.000 toneladas exportadas por un valor de 2.400 millones de d\u00f3lares. Solo en enero de este a\u00f1o se enviaron al exterior 26.204 toneladas, lo que representa un incremento del 12 % frente al mismo mes del a\u00f1o anterior.<\/p>\n\n\n\n<p>De acuerdo con el subgerente de Protecci\u00f3n Fronteriza del ICA, Wilkien Ram\u00edrez, la cosecha para el D\u00eda de la Madre proyecta un aumento del 18 % en valor frente a periodos anteriores. La producci\u00f3n se concentra principalmente en Cundinamarca, con el 70 %, seguido de Antioquia, con el 28 %, regiones que re\u00fanen el 98 % de las 11.200 hect\u00e1reas cultivadas en el pa\u00eds. En cuanto a la log\u00edstica, el 94 % de las flores se transporta por v\u00eda a\u00e9rea y el 6 % por v\u00eda mar\u00edtima, lo que garantiza su frescura, especialmente en especies como rosas, crisantemos y hortensias.<\/p>\n\n\n\n<p>Con estas acciones, el Gobierno nacional y el ICA buscan fortalecer la labor de los floricultores y asegurar que el sector contin\u00fae ganando espacio en los principales mercados internacionales.<\/p>\n\n\n\n<p><\/p>\n","protected":false},"excerpt":{"rendered":"<p>Con la llegada de la temporada del D\u00eda de la Madre, la segunda fecha m\u00e1s importante para la floricultura colombiana despu\u00e9s de San Valent\u00edn, el Instituto Colombiano Agropecuario reafirm\u00f3 su papel como aliado estrat\u00e9gico del sector. Para esta celebraci\u00f3n, se proyecta la exportaci\u00f3n de m\u00e1s de 61.000 toneladas de flores, lo que representar\u00eda ingresos cercanos [&hellip;]<\/p>\n","protected":false},"author":2,"featured_media":97613,"comment_status":"closed","ping_status":"open","sticky":false,"template":"","format":"standard","meta":{"footnotes":""},"categories":[28,32],"tags":[],"class_list":["post-97612","post","type-post","status-publish","format-standard","has-post-thumbnail","hentry","category-actualidad","category-nacional"],"yoast_head":"<!-- This site is optimized with the Yoast SEO plugin v26.6 - https:\/\/yoast.com\/wordpress\/plugins\/seo\/ -->\n<title>Flores colombianas, listas para el D\u00eda de la Madre -<\/title>\n<meta name=\"robots\" content=\"index, follow, max-snippet:-1, max-image-preview:large, max-video-preview:-1\" \/>\n<link rel=\"canonical\" href=\"https:\/\/luchonoticias.com\/editor\/flores-colombianas-listas-para-el-dia-de-la-madre\/\" \/>\n<meta property=\"og:locale\" content=\"es_ES\" \/>\n<meta property=\"og:type\" content=\"article\" \/>\n<meta property=\"og:title\" content=\"Flores colombianas, listas para el D\u00eda de la Madre -\" \/>\n<meta property=\"og:url\" content=\"https:\/\/luchonoticias.com\/editor\/flores-colombianas-listas-para-el-dia-de-la-madre\/\" \/>\n<meta property=\"article:publisher\" content=\"https:\/\/www.facebook.com\/luchonoticiasneiva\" \/>\n<meta property=\"article:published_time\" content=\"2026-05-03T09:45:39+00:00\" \/>\n<meta property=\"article:modified_time\" content=\"2026-05-03T09:45:40+00:00\" \/>\n<meta property=\"og:image\" content=\"https:\/\/luchonoticias.com\/editor\/wp-content\/uploads\/2026\/05\/flores.jpg\" \/>\n\t<meta property=\"og:image:width\" content=\"700\" \/>\n\t<meta property=\"og:image:height\" content=\"400\" \/>\n\t<meta property=\"og:image:type\" content=\"image\/jpeg\" \/>\n<meta name=\"author\" content=\"Editor General\" \/>\n<meta name=\"twitter:card\" content=\"summary_large_image\" \/>\n<meta name=\"twitter:label1\" content=\"Escrito por\" \/>\n\t<meta name=\"twitter:data1\" content=\"Editor General\" \/>\n\t<meta name=\"twitter:label2\" content=\"Tiempo de lectura\" \/>\n\t<meta name=\"twitter:data2\" content=\"2 minutos\" \/>\n<script type=\"application\/ld+json\" class=\"yoast-schema-graph\">{\"@context\":\"https:\/\/schema.org\",\"@graph\":[{\"@type\":\"Article\",\"@id\":\"https:\/\/luchonoticias.com\/editor\/flores-colombianas-listas-para-el-dia-de-la-madre\/#article\",\"isPartOf\":{\"@id\":\"https:\/\/luchonoticias.com\/editor\/flores-colombianas-listas-para-el-dia-de-la-madre\/\"},\"author\":{\"name\":\"Editor General\",\"@id\":\"https:\/\/luchonoticias.com\/editor\/#\/schema\/person\/29217990ddf6f14e35912b2866d591fb\"},\"headline\":\"Flores colombianas, listas para el D\u00eda de la Madre\",\"datePublished\":\"2026-05-03T09:45:39+00:00\",\"dateModified\":\"2026-05-03T09:45:40+00:00\",\"mainEntityOfPage\":{\"@id\":\"https:\/\/luchonoticias.com\/editor\/flores-colombianas-listas-para-el-dia-de-la-madre\/\"},\"wordCount\":351,\"publisher\":{\"@id\":\"https:\/\/luchonoticias.com\/editor\/#\/schema\/person\/7a7fd911f58561fd056dbac7b55af9cd\"},\"image\":{\"@id\":\"https:\/\/luchonoticias.com\/editor\/flores-colombianas-listas-para-el-dia-de-la-madre\/#primaryimage\"},\"thumbnailUrl\":\"https:\/\/luchonoticias.com\/editor\/wp-content\/uploads\/2026\/05\/flores.jpg\",\"articleSection\":[\"Actualidad\",\"Nacional\"],\"inLanguage\":\"es\"},{\"@type\":\"WebPage\",\"@id\":\"https:\/\/luchonoticias.com\/editor\/flores-colombianas-listas-para-el-dia-de-la-madre\/\",\"url\":\"https:\/\/luchonoticias.com\/editor\/flores-colombianas-listas-para-el-dia-de-la-madre\/\",\"name\":\"Flores colombianas, listas para el D\u00eda de la Madre -\",\"isPartOf\":{\"@id\":\"https:\/\/luchonoticias.com\/editor\/#website\"},\"primaryImageOfPage\":{\"@id\":\"https:\/\/luchonoticias.com\/editor\/flores-colombianas-listas-para-el-dia-de-la-madre\/#primaryimage\"},\"image\":{\"@id\":\"https:\/\/luchonoticias.com\/editor\/flores-colombianas-listas-para-el-dia-de-la-madre\/#primaryimage\"},\"thumbnailUrl\":\"https:\/\/luchonoticias.com\/editor\/wp-content\/uploads\/2026\/05\/flores.jpg\",\"datePublished\":\"2026-05-03T09:45:39+00:00\",\"dateModified\":\"2026-05-03T09:45:40+00:00\",\"breadcrumb\":{\"@id\":\"https:\/\/luchonoticias.com\/editor\/flores-colombianas-listas-para-el-dia-de-la-madre\/#breadcrumb\"},\"inLanguage\":\"es\",\"potentialAction\":[{\"@type\":\"ReadAction\",\"target\":[\"https:\/\/luchonoticias.com\/editor\/flores-colombianas-listas-para-el-dia-de-la-madre\/\"]}]},{\"@type\":\"ImageObject\",\"inLanguage\":\"es\",\"@id\":\"https:\/\/luchonoticias.com\/editor\/flores-colombianas-listas-para-el-dia-de-la-madre\/#primaryimage\",\"url\":\"https:\/\/luchonoticias.com\/editor\/wp-content\/uploads\/2026\/05\/flores.jpg\",\"contentUrl\":\"https:\/\/luchonoticias.com\/editor\/wp-content\/uploads\/2026\/05\/flores.jpg\",\"width\":700,\"height\":400},{\"@type\":\"BreadcrumbList\",\"@id\":\"https:\/\/luchonoticias.com\/editor\/flores-colombianas-listas-para-el-dia-de-la-madre\/#breadcrumb\",\"itemListElement\":[{\"@type\":\"ListItem\",\"position\":1,\"name\":\"Portada\",\"item\":\"https:\/\/luchonoticias.com\/editor\/\"},{\"@type\":\"ListItem\",\"position\":2,\"name\":\"Flores colombianas, listas para el D\u00eda de la Madre\"}]},{\"@type\":\"WebSite\",\"@id\":\"https:\/\/luchonoticias.com\/editor\/#website\",\"url\":\"https:\/\/luchonoticias.com\/editor\/\",\"name\":\"\",\"description\":\"\",\"publisher\":{\"@id\":\"https:\/\/luchonoticias.com\/editor\/#\/schema\/person\/7a7fd911f58561fd056dbac7b55af9cd\"},\"potentialAction\":[{\"@type\":\"SearchAction\",\"target\":{\"@type\":\"EntryPoint\",\"urlTemplate\":\"https:\/\/luchonoticias.com\/editor\/?s={search_term_string}\"},\"query-input\":{\"@type\":\"PropertyValueSpecification\",\"valueRequired\":true,\"valueName\":\"search_term_string\"}}],\"inLanguage\":\"es\"},{\"@type\":[\"Person\",\"Organization\"],\"@id\":\"https:\/\/luchonoticias.com\/editor\/#\/schema\/person\/7a7fd911f58561fd056dbac7b55af9cd\",\"name\":\"admin\",\"image\":{\"@type\":\"ImageObject\",\"inLanguage\":\"es\",\"@id\":\"https:\/\/luchonoticias.com\/editor\/#\/schema\/person\/image\/\",\"url\":\"https:\/\/luchonoticias.com\/editor\/wp-content\/uploads\/2024\/02\/cropped-cropped-logolu.webp\",\"contentUrl\":\"https:\/\/luchonoticias.com\/editor\/wp-content\/uploads\/2024\/02\/cropped-cropped-logolu.webp\",\"width\":382,\"height\":170,\"caption\":\"admin\"},\"logo\":{\"@id\":\"https:\/\/luchonoticias.com\/editor\/#\/schema\/person\/image\/\"},\"sameAs\":[\"https:\/\/www.facebook.com\/luchonoticiasneiva\"]},{\"@type\":\"Person\",\"@id\":\"https:\/\/luchonoticias.com\/editor\/#\/schema\/person\/29217990ddf6f14e35912b2866d591fb\",\"name\":\"Editor General\",\"image\":{\"@type\":\"ImageObject\",\"inLanguage\":\"es\",\"@id\":\"https:\/\/luchonoticias.com\/editor\/#\/schema\/person\/image\/\",\"url\":\"https:\/\/luchonoticias.com\/editor\/wp-content\/uploads\/2024\/02\/cropped-cropped-logolu-150x150.webp\",\"contentUrl\":\"https:\/\/luchonoticias.com\/editor\/wp-content\/uploads\/2024\/02\/cropped-cropped-logolu-150x150.webp\",\"caption\":\"Editor General\"},\"sameAs\":[\"https:\/\/luchonoticias.com\/\"],\"url\":\"https:\/\/luchonoticias.com\/editor\/author\/editor-general\/\"}]}<\/script>\n<!-- \/ Yoast SEO plugin. -->","yoast_head_json":{"title":"Flores colombianas, listas para el D\u00eda de la Madre -","robots":{"index":"index","follow":"follow","max-snippet":"max-snippet:-1","max-image-preview":"max-image-preview:large","max-video-preview":"max-video-preview:-1"},"canonical":"https:\/\/luchonoticias.com\/editor\/flores-colombianas-listas-para-el-dia-de-la-madre\/","og_locale":"es_ES","og_type":"article","og_title":"Flores colombianas, listas para el D\u00eda de la Madre -","og_url":"https:\/\/luchonoticias.com\/editor\/flores-colombianas-listas-para-el-dia-de-la-madre\/","article_publisher":"https:\/\/www.facebook.com\/luchonoticiasneiva","article_published_time":"2026-05-03T09:45:39+00:00","article_modified_time":"2026-05-03T09:45:40+00:00","og_image":[{"width":700,"height":400,"url":"https:\/\/luchonoticias.com\/editor\/wp-content\/uploads\/2026\/05\/flores.jpg","type":"image\/jpeg"}],"author":"Editor General","twitter_card":"summary_large_image","twitter_misc":{"Escrito por":"Editor General","Tiempo de lectura":"2 minutos"},"schema":{"@context":"https:\/\/schema.org","@graph":[{"@type":"Article","@id":"https:\/\/luchonoticias.com\/editor\/flores-colombianas-listas-para-el-dia-de-la-madre\/#article","isPartOf":{"@id":"https:\/\/luchonoticias.com\/editor\/flores-colombianas-listas-para-el-dia-de-la-madre\/"},"author":{"name":"Editor General","@id":"https:\/\/luchonoticias.com\/editor\/#\/schema\/person\/29217990ddf6f14e35912b2866d591fb"},"headline":"Flores colombianas, listas para el D\u00eda de la Madre","datePublished":"2026-05-03T09:45:39+00:00","dateModified":"2026-05-03T09:45:40+00:00","mainEntityOfPage":{"@id":"https:\/\/luchonoticias.com\/editor\/flores-colombianas-listas-para-el-dia-de-la-madre\/"},"wordCount":351,"publisher":{"@id":"https:\/\/luchonoticias.com\/editor\/#\/schema\/person\/7a7fd911f58561fd056dbac7b55af9cd"},"image":{"@id":"https:\/\/luchonoticias.com\/editor\/flores-colombianas-listas-para-el-dia-de-la-madre\/#primaryimage"},"thumbnailUrl":"https:\/\/luchonoticias.com\/editor\/wp-content\/uploads\/2026\/05\/flores.jpg","articleSection":["Actualidad","Nacional"],"inLanguage":"es"},{"@type":"WebPage","@id":"https:\/\/luchonoticias.com\/editor\/flores-colombianas-listas-para-el-dia-de-la-madre\/","url":"https:\/\/luchonoticias.com\/editor\/flores-colombianas-listas-para-el-dia-de-la-madre\/","name":"Flores colombianas, listas para el D\u00eda de la Madre -","isPartOf":{"@id":"https:\/\/luchonoticias.com\/editor\/#website"},"primaryImageOfPage":{"@id":"https:\/\/luchonoticias.com\/editor\/flores-colombianas-listas-para-el-dia-de-la-madre\/#primaryimage"},"image":{"@id":"https:\/\/luchonoticias.com\/editor\/flores-colombianas-listas-para-el-dia-de-la-madre\/#primaryimage"},"thumbnailUrl":"https:\/\/luchonoticias.com\/editor\/wp-content\/uploads\/2026\/05\/flores.jpg","datePublished":"2026-05-03T09:45:39+00:00","dateModified":"2026-05-03T09:45:40+00:00","breadcrumb":{"@id":"https:\/\/luchonoticias.com\/editor\/flores-colombianas-listas-para-el-dia-de-la-madre\/#breadcrumb"},"inLanguage":"es","potentialAction":[{"@type":"ReadAction","target":["https:\/\/luchonoticias.com\/editor\/flores-colombianas-listas-para-el-dia-de-la-madre\/"]}]},{"@type":"ImageObject","inLanguage":"es","@id":"https:\/\/luchonoticias.com\/editor\/flores-colombianas-listas-para-el-dia-de-la-madre\/#primaryimage","url":"https:\/\/luchonoticias.com\/editor\/wp-content\/uploads\/2026\/05\/flores.jpg","contentUrl":"https:\/\/luchonoticias.com\/editor\/wp-content\/uploads\/2026\/05\/flores.jpg","width":700,"height":400},{"@type":"BreadcrumbList","@id":"https:\/\/luchonoticias.com\/editor\/flores-colombianas-listas-para-el-dia-de-la-madre\/#breadcrumb","itemListElement":[{"@type":"ListItem","position":1,"name":"Portada","item":"https:\/\/luchonoticias.com\/editor\/"},{"@type":"ListItem","position":2,"name":"Flores colombianas, listas para el D\u00eda de la Madre"}]},{"@type":"WebSite","@id":"https:\/\/luchonoticias.com\/editor\/#website","url":"https:\/\/luchonoticias.com\/editor\/","name":"","description":"","publisher":{"@id":"https:\/\/luchonoticias.com\/editor\/#\/schema\/person\/7a7fd911f58561fd056dbac7b55af9cd"},"potentialAction":[{"@type":"SearchAction","target":{"@type":"EntryPoint","urlTemplate":"https:\/\/luchonoticias.com\/editor\/?s={search_term_string}"},"query-input":{"@type":"PropertyValueSpecification","valueRequired":true,"valueName":"search_term_string"}}],"inLanguage":"es"},{"@type":["Person","Organization"],"@id":"https:\/\/luchonoticias.com\/editor\/#\/schema\/person\/7a7fd911f58561fd056dbac7b55af9cd","name":"admin","image":{"@type":"ImageObject","inLanguage":"es","@id":"https:\/\/luchonoticias.com\/editor\/#\/schema\/person\/image\/","url":"https:\/\/luchonoticias.com\/editor\/wp-content\/uploads\/2024\/02\/cropped-cropped-logolu.webp","contentUrl":"https:\/\/luchonoticias.com\/editor\/wp-content\/uploads\/2024\/02\/cropped-cropped-logolu.webp","width":382,"height":170,"caption":"admin"},"logo":{"@id":"https:\/\/luchonoticias.com\/editor\/#\/schema\/person\/image\/"},"sameAs":["https:\/\/www.facebook.com\/luchonoticiasneiva"]},{"@type":"Person","@id":"https:\/\/luchonoticias.com\/editor\/#\/schema\/person\/29217990ddf6f14e35912b2866d591fb","name":"Editor General","image":{"@type":"ImageObject","inLanguage":"es","@id":"https:\/\/luchonoticias.com\/editor\/#\/schema\/person\/image\/","url":"https:\/\/luchonoticias.com\/editor\/wp-content\/uploads\/2024\/02\/cropped-cropped-logolu-150x150.webp","contentUrl":"https:\/\/luchonoticias.com\/editor\/wp-content\/uploads\/2024\/02\/cropped-cropped-logolu-150x150.webp","caption":"Editor General"},"sameAs":["https:\/\/luchonoticias.com\/"],"url":"https:\/\/luchonoticias.com\/editor\/author\/editor-general\/"}]}},"_links":{"self":[{"href":"https:\/\/luchonoticias.com\/editor\/wp-json\/wp\/v2\/posts\/97612","targetHints":{"allow":["GET"]}}],"collection":[{"href":"https:\/\/luchonoticias.com\/editor\/wp-json\/wp\/v2\/posts"}],"about":[{"href":"https:\/\/luchonoticias.com\/editor\/wp-json\/wp\/v2\/types\/post"}],"author":[{"embeddable":true,"href":"https:\/\/luchonoticias.com\/editor\/wp-json\/wp\/v2\/users\/2"}],"replies":[{"embeddable":true,"href":"https:\/\/luchonoticias.com\/editor\/wp-json\/wp\/v2\/comments?post=97612"}],"version-history":[{"count":1,"href":"https:\/\/luchonoticias.com\/editor\/wp-json\/wp\/v2\/posts\/97612\/revisions"}],"predecessor-version":[{"id":97614,"href":"https:\/\/luchonoticias.com\/editor\/wp-json\/wp\/v2\/posts\/97612\/revisions\/97614"}],"wp:featuredmedia":[{"embeddable":true,"href":"https:\/\/luchonoticias.com\/editor\/wp-json\/wp\/v2\/media\/97613"}],"wp:attachment":[{"href":"https:\/\/luchonoticias.com\/editor\/wp-json\/wp\/v2\/media?parent=97612"}],"wp:term":[{"taxonomy":"category","embeddable":true,"href":"https:\/\/luchonoticias.com\/editor\/wp-json\/wp\/v2\/categories?post=97612"},{"taxonomy":"post_tag","embeddable":true,"href":"https:\/\/luchonoticias.com\/editor\/wp-json\/wp\/v2\/tags?post=97612"}],"curies":[{"name":"wp","href":"https:\/\/api.w.org\/{rel}","templated":true}]}}